{"id":1027,"date":"2023-07-24T09:33:38","date_gmt":"2023-07-24T09:33:38","guid":{"rendered":"https:\/\/www.promopresent.com\/blog\/?p=1027"},"modified":"2023-10-02T06:47:50","modified_gmt":"2023-10-02T06:47:50","slug":"teletrabajo-opciones-para-conciliar-en-verano","status":"publish","type":"post","link":"https:\/\/www.promopresent.com\/blog\/teletrabajo-opciones-para-conciliar-en-verano\/","title":{"rendered":"Teletrabajo: opciones para conciliar en verano"},"content":{"rendered":"\n<blockquote class=\"wp-block-quote is-layout-flow wp-block-quote-is-layout-flow\">\n<p>El derecho a la solicitud de teletrabajo ya estaba recogido en el art\u00edculo 34.8 del Estatuto de los Trabajadores. El nuevo decreto aumenta los colectivos que pueden acogerse a este derecho. Si tienes hijos menores de 12 a\u00f1os o familiares a tu cargo, este art\u00edculo te interesa&#8230;<\/p>\n<\/blockquote>\n\n\n\n<div id=\"ez-toc-container\" class=\"ez-toc-v2_0_82_2 counter-hierarchy ez-toc-counter ez-toc-grey ez-toc-container-direction\">\n<div class=\"ez-toc-title-container\">\n<p class=\"ez-toc-title\" style=\"cursor:inherit\">\u00cdndice<\/p>\n<span class=\"ez-toc-title-toggle\"><a href=\"#\" class=\"ez-toc-pull-right ez-toc-btn ez-toc-btn-xs ez-toc-btn-default ez-toc-toggle\" aria-label=\"Alternar tabla de contenidos\"><span class=\"ez-toc-js-icon-con\"><span class=\"\"><span class=\"eztoc-hide\" style=\"display:none;\">Toggle<\/span><span class=\"ez-toc-icon-toggle-span\"><svg style=\"fill: #999;color:#999\" xmlns=\"http:\/\/www.w3.org\/2000\/svg\" class=\"list-377408\" width=\"20px\" height=\"20px\" viewBox=\"0 0 24 24\" fill=\"none\"><path d=\"M6 6H4v2h2V6zm14 0H8v2h12V6zM4 11h2v2H4v-2zm16 0H8v2h12v-2zM4 16h2v2H4v-2zm16 0H8v2h12v-2z\" fill=\"currentColor\"><\/path><\/svg><svg style=\"fill: #999;color:#999\" class=\"arrow-unsorted-368013\" xmlns=\"http:\/\/www.w3.org\/2000\/svg\" width=\"10px\" height=\"10px\" viewBox=\"0 0 24 24\" version=\"1.2\" baseProfile=\"tiny\"><path d=\"M18.2 9.3l-6.2-6.3-6.2 6.3c-.2.2-.3.4-.3.7s.1.5.3.7c.2.2.4.3.7.3h11c.3 0 .5-.1.7-.3.2-.2.3-.5.3-.7s-.1-.5-.3-.7zM5.8 14.7l6.2 6.3 6.2-6.3c.2-.2.3-.5.3-.7s-.1-.5-.3-.7c-.2-.2-.4-.3-.7-.3h-11c-.3 0-.5.1-.7.3-.2.2-.3.5-.3.7s.1.5.3.7z\"\/><\/svg><\/span><\/span><\/span><\/a><\/span><\/div>\n<nav><ul class='ez-toc-list ez-toc-list-level-1 ' ><li class='ez-toc-page-1 ez-toc-heading-level-3'><a class=\"ez-toc-link ez-toc-heading-1\" href=\"https:\/\/www.promopresent.com\/blog\/teletrabajo-opciones-para-conciliar-en-verano\/#Soluciones_para_atender_a_tus_hijos_en_verano\" >Soluciones para atender a tus hijos en verano<\/a><\/li><li class='ez-toc-page-1 ez-toc-heading-level-3'><a class=\"ez-toc-link ez-toc-heading-2\" href=\"https:\/\/www.promopresent.com\/blog\/teletrabajo-opciones-para-conciliar-en-verano\/#Ley_de_familia_y_RD-Ley_52023\" >Ley de familia y RD-Ley 5\/2023<\/a><ul class='ez-toc-list-level-4' ><li class='ez-toc-heading-level-4'><a class=\"ez-toc-link ez-toc-heading-3\" href=\"https:\/\/www.promopresent.com\/blog\/teletrabajo-opciones-para-conciliar-en-verano\/#Quien_podra_solicitar_reduccion_de_jornada_o_teletrabajo\" >Qui\u00e9n podr\u00e1 solicitar reducci\u00f3n de jornada o teletrabajo.<\/a><\/li><li class='ez-toc-page-1 ez-toc-heading-level-4'><a class=\"ez-toc-link ez-toc-heading-4\" href=\"https:\/\/www.promopresent.com\/blog\/teletrabajo-opciones-para-conciliar-en-verano\/#Regalos_de_empresa_para_la_conciliacion\" >Regalos de empresa para la conciliaci\u00f3n<\/a><\/li><li class='ez-toc-page-1 ez-toc-heading-level-4'><a class=\"ez-toc-link ez-toc-heading-5\" href=\"https:\/\/www.promopresent.com\/blog\/teletrabajo-opciones-para-conciliar-en-verano\/#Empresas_que_cuidan_a_sus_teletrabajadores\" >Empresas que cuidan a sus teletrabajadores<\/a><\/li><\/ul><\/li><\/ul><\/nav><\/div>\n<h3 class=\"wp-block-heading has--font-size\"><span class=\"ez-toc-section\" id=\"Soluciones_para_atender_a_tus_hijos_en_verano\"><\/span>Soluciones para atender a tus hijos en verano<span class=\"ez-toc-section-end\"><\/span><\/h3>\n\n\n\n<p>Desde la incorporaci\u00f3n de la mujer al mercado laboral (\u00a1ya hemos superado los 9 millones de trabajadoras!), la responsabilidad del cuidado de las personas dependientes se ha convertido en una tarea compartida. Esto supone un aut\u00e9ntico quebradero de cabeza para cuadrar las vacaciones en familia.<br>Frente a este problema, se recurre a tres soluciones:<\/p>\n\n\n\n<ul class=\"wp-block-list\">\n<li><strong>Abuelos: <br><\/strong>\u00a1Tambi\u00e9n los abuelos han cambiado! Ahora, muchos de ellos viajan y no pueden hacerse cargo  de sus nietos.<\/li>\n\n\n\n<li><strong>Campamentos urbanos y rurales:<br><\/strong>Esta opci\u00f3n supone, en muchos casos, un coste adicional para las familias. Cada vez hay m\u00e1s opciones gratuitas y subvencionadas. \u00a1No esperes a \u00faltima hora para buscarlos!<\/li>\n\n\n\n<li><strong>Teletrabajo:<br><\/strong>Desde la pandemia, esta es una opci\u00f3n cada vez m\u00e1s utilizada en nuestro mercado laboral. Esto ha dado lugar a la nueva Ley de familia, que todav\u00eda est\u00e1 en fase de borrador. \u00a1Quiz\u00e1s el pr\u00f3ximo verano puedas teletrabajar!<\/li>\n<\/ul>\n\n\n\n<h3 class=\"wp-block-heading has--font-size\"><span class=\"ez-toc-section\" id=\"Ley_de_familia_y_RD-Ley_52023\"><\/span>Ley de familia y RD-Ley 5\/2023<span class=\"ez-toc-section-end\"><\/span><\/h3>\n\n\n\n<p>Anteriormente a la publicaci\u00f3n de la Ley de Familia, que est\u00e1 en fase de&nbsp; borrador, el gobierno aprob\u00f3 el pasado mes de junio el RD Ley 5\/2023, que s\u00ed otorga ciertos derechos a los trabajadores, de cara a la conciliaci\u00f3n familiar.<br>El teletrabajo debe estar recogido en el convenio para poder acceder a \u00e9l (desde la pandemia, gran cantidad de convenios incluyen ya esta posibilidad)<\/p>\n\n\n\n<h4 class=\"wp-block-heading has--font-size\"><span class=\"ez-toc-section\" id=\"Quien_podra_solicitar_reduccion_de_jornada_o_teletrabajo\"><\/span>Qui\u00e9n podr\u00e1 solicitar reducci\u00f3n de jornada o teletrabajo. <span class=\"ez-toc-section-end\"><\/span><\/h4>\n\n\n\n<p>La nueva Ley aumenta los supuestos donde se puede solicitar cualquiera de estas dos medidas de conciliaci\u00f3n laboral:<\/p>\n\n\n\n<ul class=\"wp-block-list\">\n<li>Padres y madres de hijos menores de 12 a\u00f1os<\/li>\n\n\n\n<li>Personas dependientes cuando convivan en el mismo domicilio y que por razones de edad, accidente o enfermedad no puedan valerse por s\u00ed mismos, debiendo justificar las circunstancias en las que se fundamenta la petici\u00f3n. Esto incluye a c\u00f3nyuges, ascendientes o descendientes; as\u00ed como a familiares hasta segundo grado de consanguinidad.<\/li>\n<\/ul>\n\n\n\n<h4 class=\"wp-block-heading\"><span class=\"ez-toc-section\" id=\"Regalos_de_empresa_para_la_conciliacion\"><\/span>Regalos de empresa para la conciliaci\u00f3n<span class=\"ez-toc-section-end\"><\/span><\/h4>\n\n\n\n<figure class=\"wp-block-gallery has-nested-images columns-default is-cropped wp-block-gallery-1 is-layout-flex wp-block-gallery-is-layout-flex\">\n<figure class=\"wp-block-image size-large\"><a href=\"https:\/\/www.promopresent.com\/ocio-aire-libre\/deporte-y-exterior\/juegos\/\"><img loading=\"lazy\" decoding=\"async\" width=\"530\" height=\"530\" data-id=\"1039\" src=\"https:\/\/www.promopresent.com\/blog\/wp-content\/uploads\/2023\/07\/palas-playa-pecter.jpg\" alt=\"Juegos para entretener a los ni\u00f1os en verano\" class=\"wp-image-1039\" srcset=\"https:\/\/www.promopresent.com\/blog\/wp-content\/uploads\/2023\/07\/palas-playa-pecter.jpg 530w, https:\/\/www.promopresent.com\/blog\/wp-content\/uploads\/2023\/07\/palas-playa-pecter-300x300.jpg 300w, https:\/\/www.promopresent.com\/blog\/wp-content\/uploads\/2023\/07\/palas-playa-pecter-150x150.jpg 150w\" sizes=\"auto, (max-width: 530px) 100vw, 530px\" \/><\/a><figcaption class=\"wp-element-caption\">Juegos y entretenimiento<\/figcaption><\/figure>\n\n\n\n<figure class=\"wp-block-image size-large\"><a href=\"https:\/\/www.promopresent.com\/tecnologia\/\"><img loading=\"lazy\" decoding=\"async\" width=\"506\" height=\"506\" data-id=\"1040\" src=\"https:\/\/www.promopresent.com\/blog\/wp-content\/uploads\/2023\/07\/cargador-inalambrico-con-logo.png\" alt=\"Tecnologia que facilita el teletrabajo\" class=\"wp-image-1040\" srcset=\"https:\/\/www.promopresent.com\/blog\/wp-content\/uploads\/2023\/07\/cargador-inalambrico-con-logo.png 506w, https:\/\/www.promopresent.com\/blog\/wp-content\/uploads\/2023\/07\/cargador-inalambrico-con-logo-300x300.png 300w, https:\/\/www.promopresent.com\/blog\/wp-content\/uploads\/2023\/07\/cargador-inalambrico-con-logo-150x150.png 150w\" sizes=\"auto, (max-width: 506px) 100vw, 506px\" \/><\/a><figcaption class=\"wp-element-caption\">Tecnolog\u00edas que mejora el trabajo<\/figcaption><\/figure>\n\n\n\n<figure class=\"wp-block-image size-large\"><a href=\"https:\/\/www.promopresent.com\/bolsas-mochilas\/\"><img loading=\"lazy\" decoding=\"async\" width=\"530\" height=\"530\" data-id=\"1041\" src=\"https:\/\/www.promopresent.com\/blog\/wp-content\/uploads\/2023\/07\/mochila-gina.jpg\" alt=\"Mochilas y bolsas para los desplazamientos\" class=\"wp-image-1041\" srcset=\"https:\/\/www.promopresent.com\/blog\/wp-content\/uploads\/2023\/07\/mochila-gina.jpg 530w, https:\/\/www.promopresent.com\/blog\/wp-content\/uploads\/2023\/07\/mochila-gina-300x300.jpg 300w, https:\/\/www.promopresent.com\/blog\/wp-content\/uploads\/2023\/07\/mochila-gina-150x150.jpg 150w\" sizes=\"auto, (max-width: 530px) 100vw, 530px\" \/><\/a><figcaption class=\"wp-element-caption\">Para los desplazamientos<\/figcaption><\/figure>\n<\/figure>\n\n\n\n<h4 class=\"wp-block-heading\"><span class=\"ez-toc-section\" id=\"Empresas_que_cuidan_a_sus_teletrabajadores\"><\/span>Empresas que cuidan a sus teletrabajadores<span class=\"ez-toc-section-end\"><\/span><\/h4>\n\n\n\n<p>Como empresario o director de RR.HH, lejos de ver el teletrabajo como una amenaza; debes valorarlo como una oportunidad para que tu empleado valore la empresa y se comprometa con sus objetivos. <br><br>Esta opci\u00f3n permite que el empleado se desplace en verano a otro destino (un pueblo, la playa,&#8230;) donde sus hijos puedan estar libres; y donde pueda seguir desempe\u00f1ando su labor.<\/p>\n\n\n\n<p>Una buena idea es que tus empleados se vean apoyados en su opci\u00f3n de teletrabajo. Algunos regalos pueden facilitar su trabajo desde casa, y refuerzan tu presencia. <a href=\"https:\/\/www.promopresent.com\/blog\/2023\/05\/29\/por-que-hacer-regalos-a-empleados-que-teletrabajan\/\" title=\"\">Visita nuestro art\u00edculo sobre ideas para motivar a teletrabajadores.<\/a> <\/p>\n\n\n\n<p>Como contratador , el modelo h\u00edbrido se perfila como una ventaja competitiva que debes destacar a la hora de contratar. <br>\u00a1Este puede ser un factor decisivo para captar talento en tu empresa!<\/p>\n\n\n\n<p>#teletrabajo #conciliacion #regalosempresariales<\/p>\n\n\n\n<p><a href=\"https:\/\/www.promopresent.com\/\" title=\"\">Visita nuestra web si buscas un regalo para tus teletrabajadores<\/a><\/p>\n\n\n\n<p><\/p>\n","protected":false},"excerpt":{"rendered":"<p>El derecho a la solicitud de teletrabajo ya estaba recogido en el art\u00edculo 34.8 del Estatuto de los Trabajadores. El nuevo decreto aumenta los colectivos que pueden acogerse a este derecho. Si tienes hijos menores de 12 a\u00f1os o familiares a tu cargo, este art\u00edculo te interesa&#8230; Soluciones para atender a tus hijos en verano&#8230;<\/p>\n","protected":false},"author":2,"featured_media":1038,"comment_status":"closed","ping_status":"closed","sticky":false,"template":"","format":"standard","meta":{"om_disable_all_campaigns":false,"_monsterinsights_skip_tracking":false,"_monsterinsights_sitenote_active":false,"_monsterinsights_sitenote_note":"","_monsterinsights_sitenote_category":0,"_kad_post_transparent":"","_kad_post_title":"","_kad_post_layout":"","_kad_post_sidebar_id":"","_kad_post_content_style":"","_kad_post_vertical_padding":"","_kad_post_feature":"","_kad_post_feature_position":"","_kad_post_header":false,"_kad_post_footer":false,"footnotes":"","_wpscppro_custom_social_share_image":0},"categories":[1,11],"tags":[69,70,67,68],"class_list":["post-1027","post","type-post","status-publish","format-standard","has-post-thumbnail","hentry","category-estrategias","category-todos","tag-conciliacion","tag-motivacion-de-empleados","tag-regalos-para-empleados","tag-teletrabajo"],"aioseo_notices":[],"_links":{"self":[{"href":"https:\/\/www.promopresent.com\/blog\/wp-json\/wp\/v2\/posts\/1027","targetHints":{"allow":["GET"]}}],"collection":[{"href":"https:\/\/www.promopresent.com\/blog\/wp-json\/wp\/v2\/posts"}],"about":[{"href":"https:\/\/www.promopresent.com\/blog\/wp-json\/wp\/v2\/types\/post"}],"author":[{"embeddable":true,"href":"https:\/\/www.promopresent.com\/blog\/wp-json\/wp\/v2\/users\/2"}],"replies":[{"embeddable":true,"href":"https:\/\/www.promopresent.com\/blog\/wp-json\/wp\/v2\/comments?post=1027"}],"version-history":[{"count":15,"href":"https:\/\/www.promopresent.com\/blog\/wp-json\/wp\/v2\/posts\/1027\/revisions"}],"predecessor-version":[{"id":1484,"href":"https:\/\/www.promopresent.com\/blog\/wp-json\/wp\/v2\/posts\/1027\/revisions\/1484"}],"wp:featuredmedia":[{"embeddable":true,"href":"https:\/\/www.promopresent.com\/blog\/wp-json\/wp\/v2\/media\/1038"}],"wp:attachment":[{"href":"https:\/\/www.promopresent.com\/blog\/wp-json\/wp\/v2\/media?parent=1027"}],"wp:term":[{"taxonomy":"category","embeddable":true,"href":"https:\/\/www.promopresent.com\/blog\/wp-json\/wp\/v2\/categories?post=1027"},{"taxonomy":"post_tag","embeddable":true,"href":"https:\/\/www.promopresent.com\/blog\/wp-json\/wp\/v2\/tags?post=1027"}],"curies":[{"name":"wp","href":"https:\/\/api.w.org\/{rel}","templated":true}]}}