{"id":1093,"date":"2023-09-04T11:00:09","date_gmt":"2023-09-04T11:00:09","guid":{"rendered":"https:\/\/www.promopresent.com\/blog\/?p=1093"},"modified":"2023-10-02T06:48:30","modified_gmt":"2023-10-02T06:48:30","slug":"ferias-eventos-exponer-octubre","status":"publish","type":"post","link":"https:\/\/www.promopresent.com\/blog\/ferias-eventos-exponer-octubre\/","title":{"rendered":"Ferias y eventos para exponer en Octubre en Barcelona"},"content":{"rendered":"\t\t<div data-elementor-type=\"wp-post\" data-elementor-id=\"1093\" class=\"elementor elementor-1093\">\n\t\t\t\t\t\t\t\t\t<section class=\"elementor-section elementor-top-section elementor-element elementor-element-f848830 elementor-section-boxed elementor-section-height-default elementor-section-height-default\" data-id=\"f848830\" data-element_type=\"section\">\n\t\t\t\t\t\t<div class=\"elementor-container elementor-column-gap-default\">\n\t\t\t\t\t<div class=\"elementor-column elementor-col-100 elementor-top-column elementor-element elementor-element-371e0f26\" data-id=\"371e0f26\" data-element_type=\"column\">\n\t\t\t<div class=\"elementor-widget-wrap elementor-element-populated\">\n\t\t\t\t\t\t\t\t<div class=\"elementor-element elementor-element-19c2c953 elementor-widget elementor-widget-text-editor\" data-id=\"19c2c953\" data-element_type=\"widget\" data-widget_type=\"text-editor.default\">\n\t\t\t\t<div class=\"elementor-widget-container\">\n\t\t\t<style>\/*! elementor - v3.11.5 - 14-03-2023 *\/\n.elementor-widget-text-editor.elementor-drop-cap-view-stacked .elementor-drop-cap{background-color:#818a91;color:#fff}.elementor-widget-text-editor.elementor-drop-cap-view-framed .elementor-drop-cap{color:#818a91;border:3px solid;background-color:transparent}.elementor-widget-text-editor:not(.elementor-drop-cap-view-default) .elementor-drop-cap{margin-top:8px}.elementor-widget-text-editor:not(.elementor-drop-cap-view-default) .elementor-drop-cap-letter{width:1em;height:1em}.elementor-widget-text-editor .elementor-drop-cap{float:left;text-align:center;line-height:1;font-size:50px}.elementor-widget-text-editor .elementor-drop-cap-letter{display:inline-block}<\/style>\t\t\t\t<p><!-- wp:quote --><\/p>\n<blockquote>\n<p><!-- wp:paragraph --><\/p>\n<p>Octubre es un mes ideal para crear nuevas relaciones y mantener el contacto con tus clientes. Si trabajas en sectores como el de la formaci\u00f3n, ocio o salud, en #FiraDeBarcelona encontrar\u00e1s varias ferias interesantes para ti.<br>Descubre las mejores ideas para sorprender y fidelizar a tus clientes con este post.<\/p>\n<p><!-- \/wp:paragraph --><\/p>\n<\/blockquote>\n<p><!-- \/wp:quote --><!-- wp:heading {\"className\":\"has\\u002d\\u002dfont-size\"} --><\/p>\n<div id=\"ez-toc-container\" class=\"ez-toc-v2_0_82_2 counter-hierarchy ez-toc-counter ez-toc-grey ez-toc-container-direction\">\n<div class=\"ez-toc-title-container\">\n<p class=\"ez-toc-title\" style=\"cursor:inherit\">\u00cdndice<\/p>\n<span class=\"ez-toc-title-toggle\"><a href=\"#\" class=\"ez-toc-pull-right ez-toc-btn ez-toc-btn-xs ez-toc-btn-default ez-toc-toggle\" aria-label=\"Alternar tabla de contenidos\"><span class=\"ez-toc-js-icon-con\"><span class=\"\"><span class=\"eztoc-hide\" style=\"display:none;\">Toggle<\/span><span class=\"ez-toc-icon-toggle-span\"><svg style=\"fill: #999;color:#999\" xmlns=\"http:\/\/www.w3.org\/2000\/svg\" class=\"list-377408\" width=\"20px\" height=\"20px\" viewBox=\"0 0 24 24\" fill=\"none\"><path d=\"M6 6H4v2h2V6zm14 0H8v2h12V6zM4 11h2v2H4v-2zm16 0H8v2h12v-2zM4 16h2v2H4v-2zm16 0H8v2h12v-2z\" fill=\"currentColor\"><\/path><\/svg><svg style=\"fill: #999;color:#999\" class=\"arrow-unsorted-368013\" xmlns=\"http:\/\/www.w3.org\/2000\/svg\" width=\"10px\" height=\"10px\" viewBox=\"0 0 24 24\" version=\"1.2\" baseProfile=\"tiny\"><path d=\"M18.2 9.3l-6.2-6.3-6.2 6.3c-.2.2-.3.4-.3.7s.1.5.3.7c.2.2.4.3.7.3h11c.3 0 .5-.1.7-.3.2-.2.3-.5.3-.7s-.1-.5-.3-.7zM5.8 14.7l6.2 6.3 6.2-6.3c.2-.2.3-.5.3-.7s-.1-.5-.3-.7c-.2-.2-.4-.3-.7-.3h-11c-.3 0-.5.1-.7.3-.2.2-.3.5-.3.7s.1.5.3.7z\"\/><\/svg><\/span><\/span><\/span><\/a><\/span><\/div>\n<nav><ul class='ez-toc-list ez-toc-list-level-1 ' ><li class='ez-toc-page-1 ez-toc-heading-level-2'><a class=\"ez-toc-link ez-toc-heading-1\" href=\"https:\/\/www.promopresent.com\/blog\/ferias-eventos-exponer-octubre\/#Ferias_y_eventos_de_salud_y_bienestar\" >Ferias y eventos de salud y bienestar<\/a><ul class='ez-toc-list-level-3' ><li class='ez-toc-heading-level-3'><a class=\"ez-toc-link ez-toc-heading-2\" href=\"https:\/\/www.promopresent.com\/blog\/ferias-eventos-exponer-octubre\/#ICHOM_Conference\" >ICHOM Conference<\/a><\/li><li class='ez-toc-page-1 ez-toc-heading-level-3'><a class=\"ez-toc-link ez-toc-heading-3\" href=\"https:\/\/www.promopresent.com\/blog\/ferias-eventos-exponer-octubre\/#Cosmetorium\" >Cosmetorium<\/a><\/li><li class='ez-toc-page-1 ez-toc-heading-level-3'><a class=\"ez-toc-link ez-toc-heading-4\" href=\"https:\/\/www.promopresent.com\/blog\/ferias-eventos-exponer-octubre\/#CPHI-_Feria_internacional_de_ingredientes_farmaceuticos\" >CPHI- Feria internacional de ingredientes farmac\u00e9uticos<\/a><\/li><li class='ez-toc-page-1 ez-toc-heading-level-3'><a class=\"ez-toc-link ez-toc-heading-5\" href=\"https:\/\/www.promopresent.com\/blog\/ferias-eventos-exponer-octubre\/#Salon_LOOK_%E2%80%93_Belleza_profesional\" >Sal\u00f3n LOOK &#8211; Belleza profesional<\/a><\/li><\/ul><\/li><li class='ez-toc-page-1 ez-toc-heading-level-2'><a class=\"ez-toc-link ez-toc-heading-6\" href=\"https:\/\/www.promopresent.com\/blog\/ferias-eventos-exponer-octubre\/#Eventos_de_cultura_formacion_y_empleo\" >Eventos de cultura, formaci\u00f3n y empleo<\/a><ul class='ez-toc-list-level-3' ><li class='ez-toc-heading-level-3'><a class=\"ez-toc-link ez-toc-heading-7\" href=\"https:\/\/www.promopresent.com\/blog\/ferias-eventos-exponer-octubre\/#Salo_de_lOcupacio\" >Sal\u00f3 de l\u2019Ocupaci\u00f3<\/a><\/li><li class='ez-toc-page-1 ez-toc-heading-level-3'><a class=\"ez-toc-link ez-toc-heading-8\" href=\"https:\/\/www.promopresent.com\/blog\/ferias-eventos-exponer-octubre\/#i\" >&nbsp;<\/a><\/li><\/ul><\/li><\/ul><\/nav><\/div>\n<h2><span class=\"ez-toc-section\" id=\"Ferias_y_eventos_de_salud_y_bienestar\"><\/span>Ferias y eventos de salud y bienestar<span class=\"ez-toc-section-end\"><\/span><\/h2>\n<p><!-- \/wp:heading --><!-- wp:heading {\"level\":3} --><\/p>\n<h3><span class=\"ez-toc-section\" id=\"ICHOM_Conference\"><\/span>ICHOM Conference<span class=\"ez-toc-section-end\"><\/span><\/h3>\n<p><!-- \/wp:heading --><!-- wp:paragraph --><\/p>\n<p>(Fira de Barcelona- Montjuic- Del 10-10 al 11-10-23)<\/p>\n<p>Las conferencias ICHOM son eventos muy enriquecedores para que exista cohesi\u00f3n entre l\u00edderes, organizadores y personal del mismo sector.<\/p>\n<p>La salud es un tema relevante en la sociedad, eso hace que esta conferencia suela ser multitudinaria. Es una forma \u00fatil para poder hacer intercambio masivo de ideas que pueden crear soluciones o ayudan a su desarrollo.<\/p>\n<p>Una forma de sorprender y dejar a tus contactos con un bonito recuerdo es con un regalo promocional. Un art\u00edculo muy \u00fatil seria un <a href=\"https:\/\/www.promopresent.com\/producto\/lanyards\/material-oficina\/ferias-congresos\/lanyards\/lanyard-loriet.html#\/33-color-ama\">landyar personalizado con tu logo<\/a> para que tu marca les siga en todas sus conferencias.<\/p>\n<p><!-- \/wp:paragraph --><!-- wp:heading {\"level\":3} --><\/p>\n<h3><span class=\"ez-toc-section\" id=\"Cosmetorium\"><\/span>Cosmetorium<span class=\"ez-toc-section-end\"><\/span><\/h3>\n<p>(Fira de Barcelona- Montjuic- Del 18-10 al 19-10-23)<\/p>\n<div>\n<p dir=\"ltr\" style=\"line-height: 1.38; margin-top: 0pt; margin-bottom: 0pt;\">La cosm\u00e9tica siempre ha estado en nuestras vidas.&nbsp; Sin embargo, hoy en d\u00eda miramos m\u00e1s all\u00e1 de la marca, nos fijamos en la producci\u00f3n y fabricaci\u00f3n de dichos art\u00edculos, incluso en los ingredientes que contienen.<\/p>\n<\/div>\n<p dir=\"ltr\">\n<\/p><p dir=\"ltr\">Cosmetorium da la posibilidad de reunirte con ciertos profesionales y establecer networking para obtener soluciones para un buen desarrollo en la fabricaci\u00f3n de cosm\u00e9ticos. Es una forma de poder conocer, crear y conectar con colegas o futuros clientes del sector<\/p>\n<p dir=\"ltr\">\n<\/p><p><!-- \/wp:heading --><!-- wp:heading {\"level\":3} --><\/p>\n<h3><span class=\"ez-toc-section\" id=\"CPHI-_Feria_internacional_de_ingredientes_farmaceuticos\"><\/span>CPHI- Feria internacional de ingredientes farmac\u00e9uticos<span class=\"ez-toc-section-end\"><\/span><\/h3>\n<p><!-- \/wp:heading --><!-- wp:paragraph --><\/p>\n<p>(Fira de Barcelona- Recinto de Gran V\u00eda- Del 24-10 al 26-10-23)<\/p>\n<p>CPHI Barcelona es el evento anual con mayor afluencia en el sector farmac\u00e9utico. La feria va dirigida a profesionales del sector, socios comerciales, desarrolladores y fabricantes de materiales entre otros. Es un espacio confortable donde existe la oportunidad de poder construir contactos comerciales, descubrir las \u00faltimas innovaciones y crear posibles ideas de negocio.<\/p>\n<p>Aqu\u00ed te dejamos tres ideas para de art\u00edculos promocionales para sorprender a tus clientes y se lleve un buen recuerdo<\/p>\n<ul>\n<li><a href=\"https:\/\/www.promopresent.com\/producto\/ideas-regalos-promocionales\/ideas-regalos-promocionales\/portamascarillas-lirio.html#\/37-color-neg\">Porta Mascarillas<\/a><\/li>\n<li><a href=\"https:\/\/www.promopresent.com\/producto\/tazas-botellas\/tazas-botellas\/bidon-ina.html#\/35-color-bla\">Botellas de cristal<\/a><\/li>\n<li><a href=\"https:\/\/www.promopresent.com\/producto\/ideas-regalos-promocionales\/ideas-regalos-promocionales\/portadocumentos-leyenda.html#\/34-color-gri\">Porta documentos&nbsp;<\/a><\/li>\n<\/ul>\n<p><!-- \/wp:paragraph --><!-- wp:heading {\"level\":3} --><\/p>\n<h3><span class=\"ez-toc-section\" id=\"Salon_LOOK_%E2%80%93_Belleza_profesional\"><\/span>Sal\u00f3n LOOK &#8211; Belleza profesional<span class=\"ez-toc-section-end\"><\/span><\/h3>\n<p><!-- \/wp:heading --><!-- wp:paragraph --><\/p>\n<p>(Fira de Barcelona- Montjuic- Del 18-10 al 19-10-23) (IFEMA- Del 20 al 22-10-23)<\/p>\n<p><span style=\"font-weight: 400;\">Nuestra imagen es algo que nos define en muchas ocasiones. El sector de la imagen y la est\u00e9tica en Espa\u00f1a se divide en las dos grandes ciudades de Barcelona y Madrid.<\/span><\/p>\n<p><span style=\"font-weight: 400;\">En cada evento, encontrar\u00e1s un&nbsp; espacio \u00fanico donde los profesionales de \u00e1mbito nacional pueden mostrar sus creaciones, encontrar nuevos productos y conocer nuevas corrientes.<\/span><\/p>\n<p><span style=\"font-weight: 400;\">Innovaci\u00f3n, belleza y tecnolog\u00eda se unen para crear nuevas tendencias diariamente. Hoy en d\u00eda vemos peinados, maquillajes, ropa que a\u00f1os atr\u00e1s no nos hubi\u00e9semos imaginado.&nbsp;&nbsp;<\/span><\/p>\n<p><span style=\"font-weight: 400;\">Si quieres ser diferenciador en el sector belleza profesional, guarda la fecha con tiempo y mira que en nuestra web que articulo personalizado puedes regalar a tus visitantes.<\/span><\/p>\n<p><!-- \/wp:paragraph --><!-- wp:heading --><\/p>\n<h2><span class=\"ez-toc-section\" id=\"Eventos_de_cultura_formacion_y_empleo\"><\/span>Eventos de cultura, formaci\u00f3n y empleo<span class=\"ez-toc-section-end\"><\/span><\/h2>\n<p><!-- \/wp:heading --><!-- wp:heading {\"level\":3} --><\/p>\n<h3><span class=\"ez-toc-section\" id=\"Salo_de_lOcupacio\"><\/span>Sal\u00f3 de l\u2019Ocupaci\u00f3<span class=\"ez-toc-section-end\"><\/span><\/h3>\n<p><!-- \/wp:heading --><!-- wp:paragraph --><\/p>\n<p>(Fira de Barcelona- Montjuic- Del 4-10 al 5-10-23)<\/p>\n<p><span style=\"font-weight: 400;\">Las ferias de ocupaci\u00f3n son una herramienta valiosa para todos aquellos que buscan empleo o quieren expandir su experiencia laboral.&nbsp;<\/span><\/p>\n<p><span style=\"font-weight: 400;\">Este tipo de eventos brindan la oportunidad de interactuar directamente con personal del sector, conocer las tendencias de la industria y crear lazos.&nbsp;&nbsp;<\/span><\/p>\n<p><span style=\"font-weight: 400;\">La \u00faltima edici\u00f3n realizada en 2022 cont\u00f3 con 12.000 visitantes&nbsp; y 12.000 interacciones de networking.&nbsp; Este flujo nos indica la importancia de este sector para profesionales y j\u00f3venes que busquen empleo .<\/span><\/p>\n<p><span style=\"font-weight: 400;\">Una manera de ser recordados y crear una mejor experiencia a tus contactos es con un obsequio personalizado con tu logo. Estos pueden ser algunos art\u00edculos para personalizar y mostrar la visi\u00f3n formativa de tu empresa.&nbsp;&nbsp;<\/span><\/p>\n<p><!-- \/wp:paragraph --><!-- wp:heading {\"level\":3} --><\/p>\n<h3><span class=\"ez-toc-section\" id=\"i\"><\/span>&nbsp;<span class=\"ez-toc-section-end\"><\/span><\/h3>\n<p><!-- \/wp:heading --><\/p>\t\t\t\t\t\t<\/div>\n\t\t\t\t<\/div>\n\t\t\t\t\t<\/div>\n\t\t<\/div>\n\t\t\t\t\t\t\t<\/div>\n\t\t<\/section>\n\t\t\t\t<section class=\"elementor-section elementor-top-section elementor-element elementor-element-2ed9419 elementor-section-boxed elementor-section-height-default elementor-section-height-default\" data-id=\"2ed9419\" data-element_type=\"section\">\n\t\t\t\t\t\t<div class=\"elementor-container elementor-column-gap-default\">\n\t\t\t\t\t<div class=\"elementor-column elementor-col-33 elementor-top-column elementor-element elementor-element-cf9206d\" data-id=\"cf9206d\" data-element_type=\"column\">\n\t\t\t<div class=\"elementor-widget-wrap elementor-element-populated\">\n\t\t\t\t\t\t\t\t<div class=\"elementor-element elementor-element-21f4064 elementor-widget elementor-widget-image\" data-id=\"21f4064\" data-element_type=\"widget\" data-widget_type=\"image.default\">\n\t\t\t\t<div class=\"elementor-widget-container\">\n\t\t\t<style>\/*! elementor - v3.11.5 - 14-03-2023 *\/\n.elementor-widget-image{text-align:center}.elementor-widget-image a{display:inline-block}.elementor-widget-image a img[src$=\".svg\"]{width:48px}.elementor-widget-image img{vertical-align:middle;display:inline-block}<\/style>\t\t\t\t\t\t\t\t\t<figure class=\"wp-caption\">\n\t\t\t\t\t\t\t\t\t\t\t<a href=\"https:\/\/www.promopresent.com\/producto\/usb-personalizados\/tecnologia\/usb-personalizados\/memoria-usb-yeskal-8gb.html#\/37-color-neg\">\n\t\t\t\t\t\t\t<img loading=\"lazy\" decoding=\"async\" width=\"530\" height=\"530\" src=\"https:\/\/www.promopresent.com\/blog\/wp-content\/uploads\/2023\/09\/usb_memoria.jpg\" class=\"attachment-large size-large wp-image-1246\" alt=\"memoria_usb_8GB\" srcset=\"https:\/\/www.promopresent.com\/blog\/wp-content\/uploads\/2023\/09\/usb_memoria.jpg 530w, https:\/\/www.promopresent.com\/blog\/wp-content\/uploads\/2023\/09\/usb_memoria-300x300.jpg 300w, https:\/\/www.promopresent.com\/blog\/wp-content\/uploads\/2023\/09\/usb_memoria-150x150.jpg 150w\" sizes=\"auto, (max-width: 530px) 100vw, 530px\" \/>\t\t\t\t\t\t\t\t<\/a>\n\t\t\t\t\t\t\t\t\t\t\t<figcaption class=\"widget-image-caption wp-caption-text\">Memoria USB 8GB<\/figcaption>\n\t\t\t\t\t\t\t\t\t\t<\/figure>\n\t\t\t\t\t\t\t\t\t<\/div>\n\t\t\t\t<\/div>\n\t\t\t\t\t<\/div>\n\t\t<\/div>\n\t\t\t\t<div class=\"elementor-column elementor-col-33 elementor-top-column elementor-element elementor-element-e390445\" data-id=\"e390445\" data-element_type=\"column\">\n\t\t\t<div class=\"elementor-widget-wrap elementor-element-populated\">\n\t\t\t\t\t\t\t\t<div class=\"elementor-element elementor-element-ad00296 elementor-widget elementor-widget-image\" data-id=\"ad00296\" data-element_type=\"widget\" data-widget_type=\"image.default\">\n\t\t\t\t<div class=\"elementor-widget-container\">\n\t\t\t\t\t\t\t\t\t\t\t\t<figure class=\"wp-caption\">\n\t\t\t\t\t\t\t\t\t\t\t<a href=\"https:\/\/www.promopresent.com\/producto\/bolsas-mochilas\/bolsas-mochilas\/bolsa-whelee.html\">\n\t\t\t\t\t\t\t<img loading=\"lazy\" decoding=\"async\" width=\"530\" height=\"530\" src=\"https:\/\/www.promopresent.com\/blog\/wp-content\/uploads\/2023\/09\/bolsa-whelee.jpg\" class=\"attachment-large size-large wp-image-1244\" alt=\"bolsa-whelee\" srcset=\"https:\/\/www.promopresent.com\/blog\/wp-content\/uploads\/2023\/09\/bolsa-whelee.jpg 530w, https:\/\/www.promopresent.com\/blog\/wp-content\/uploads\/2023\/09\/bolsa-whelee-300x300.jpg 300w, https:\/\/www.promopresent.com\/blog\/wp-content\/uploads\/2023\/09\/bolsa-whelee-150x150.jpg 150w\" sizes=\"auto, (max-width: 530px) 100vw, 530px\" \/>\t\t\t\t\t\t\t\t<\/a>\n\t\t\t\t\t\t\t\t\t\t\t<figcaption class=\"widget-image-caption wp-caption-text\">Bolsa de algd\u00f3n<\/figcaption>\n\t\t\t\t\t\t\t\t\t\t<\/figure>\n\t\t\t\t\t\t\t\t\t<\/div>\n\t\t\t\t<\/div>\n\t\t\t\t\t<\/div>\n\t\t<\/div>\n\t\t\t\t<div class=\"elementor-column elementor-col-33 elementor-top-column elementor-element elementor-element-674a451\" data-id=\"674a451\" data-element_type=\"column\">\n\t\t\t<div class=\"elementor-widget-wrap elementor-element-populated\">\n\t\t\t\t\t\t\t\t<div class=\"elementor-element elementor-element-58ab945 elementor-widget elementor-widget-image\" data-id=\"58ab945\" data-element_type=\"widget\" data-widget_type=\"image.default\">\n\t\t\t\t<div class=\"elementor-widget-container\">\n\t\t\t\t\t\t\t\t\t\t\t\t<figure class=\"wp-caption\">\n\t\t\t\t\t\t\t\t\t\t\t<a href=\"https:\/\/www.promopresent.com\/producto\/material-oficina\/material-oficina\/libreta-triana.html#\/37-color-neg\">\n\t\t\t\t\t\t\t<img loading=\"lazy\" decoding=\"async\" width=\"530\" height=\"530\" src=\"https:\/\/www.promopresent.com\/blog\/wp-content\/uploads\/2023\/09\/libreta_y_boligrafo_carton.jpg\" class=\"attachment-large size-large wp-image-1247\" alt=\"libreta_y_boligrafo_carton_ecologica\" srcset=\"https:\/\/www.promopresent.com\/blog\/wp-content\/uploads\/2023\/09\/libreta_y_boligrafo_carton.jpg 530w, https:\/\/www.promopresent.com\/blog\/wp-content\/uploads\/2023\/09\/libreta_y_boligrafo_carton-300x300.jpg 300w, https:\/\/www.promopresent.com\/blog\/wp-content\/uploads\/2023\/09\/libreta_y_boligrafo_carton-150x150.jpg 150w\" sizes=\"auto, (max-width: 530px) 100vw, 530px\" \/>\t\t\t\t\t\t\t\t<\/a>\n\t\t\t\t\t\t\t\t\t\t\t<figcaption class=\"widget-image-caption wp-caption-text\">Libreta de anillas con tapas y bol\u00edgrafo <\/figcaption>\n\t\t\t\t\t\t\t\t\t\t<\/figure>\n\t\t\t\t\t\t\t\t\t<\/div>\n\t\t\t\t<\/div>\n\t\t\t\t\t<\/div>\n\t\t<\/div>\n\t\t\t\t\t\t\t<\/div>\n\t\t<\/section>\n\t\t\t\t\t\t\t<\/div>\n\t\t","protected":false},"excerpt":{"rendered":"<p>Octubre es un mes ideal para crear nuevas relaciones y mantener el contacto con tus clientes. Si trabajas en sectores como el de la formaci\u00f3n, ocio o salud, en #FiraDeBarcelona encontrar\u00e1s varias ferias interesantes para ti.Descubre las mejores ideas para sorprender y fidelizar a tus clientes con este post. Ferias y eventos de salud y&#8230;<\/p>\n","protected":false},"author":2,"featured_media":1272,"comment_status":"open","ping_status":"open","sticky":false,"template":"","format":"standard","meta":{"om_disable_all_campaigns":false,"_monsterinsights_skip_tracking":false,"_monsterinsights_sitenote_active":false,"_monsterinsights_sitenote_note":"","_monsterinsights_sitenote_category":0,"_kad_post_transparent":"","_kad_post_title":"","_kad_post_layout":"","_kad_post_sidebar_id":"","_kad_post_content_style":"","_kad_post_vertical_padding":"","_kad_post_feature":"","_kad_post_feature_position":"","_kad_post_header":false,"_kad_post_footer":false,"footnotes":"","_wpscppro_custom_social_share_image":0},"categories":[13,11],"tags":[81,37,71,52,8,80],"class_list":["post-1093","post","type-post","status-publish","format-standard","has-post-thumbnail","hentry","category-ferias-y-eventos","category-todos","tag-cphi","tag-ferias-y-congresos","tag-fira-de-barcelona","tag-regalos-para-congresos","tag-regalos-para-ferias","tag-salud"],"aioseo_notices":[],"_links":{"self":[{"href":"https:\/\/www.promopresent.com\/blog\/wp-json\/wp\/v2\/posts\/1093","targetHints":{"allow":["GET"]}}],"collection":[{"href":"https:\/\/www.promopresent.com\/blog\/wp-json\/wp\/v2\/posts"}],"about":[{"href":"https:\/\/www.promopresent.com\/blog\/wp-json\/wp\/v2\/types\/post"}],"author":[{"embeddable":true,"href":"https:\/\/www.promopresent.com\/blog\/wp-json\/wp\/v2\/users\/2"}],"replies":[{"embeddable":true,"href":"https:\/\/www.promopresent.com\/blog\/wp-json\/wp\/v2\/comments?post=1093"}],"version-history":[{"count":80,"href":"https:\/\/www.promopresent.com\/blog\/wp-json\/wp\/v2\/posts\/1093\/revisions"}],"predecessor-version":[{"id":1619,"href":"https:\/\/www.promopresent.com\/blog\/wp-json\/wp\/v2\/posts\/1093\/revisions\/1619"}],"wp:featuredmedia":[{"embeddable":true,"href":"https:\/\/www.promopresent.com\/blog\/wp-json\/wp\/v2\/media\/1272"}],"wp:attachment":[{"href":"https:\/\/www.promopresent.com\/blog\/wp-json\/wp\/v2\/media?parent=1093"}],"wp:term":[{"taxonomy":"category","embeddable":true,"href":"https:\/\/www.promopresent.com\/blog\/wp-json\/wp\/v2\/categories?post=1093"},{"taxonomy":"post_tag","embeddable":true,"href":"https:\/\/www.promopresent.com\/blog\/wp-json\/wp\/v2\/tags?post=1093"}],"curies":[{"name":"wp","href":"https:\/\/api.w.org\/{rel}","templated":true}]}}