{"id":158,"date":"2022-03-23T14:47:33","date_gmt":"2022-03-23T14:47:33","guid":{"rendered":"https:\/\/startertemplatecloud.com\/g42\/?p=158"},"modified":"2023-10-02T06:36:41","modified_gmt":"2023-10-02T06:36:41","slug":"how-much-fabric-do-you-actually-need","status":"publish","type":"post","link":"https:\/\/www.promopresent.com\/blog\/how-much-fabric-do-you-actually-need\/","title":{"rendered":"Ferias y eventos para exponer y regalar en abril"},"content":{"rendered":"\n<blockquote class=\"wp-block-quote is-layout-flow wp-block-quote-is-layout-flow\">\n<p>En Promopresent sabemos la importancia de las ferias para potenciar tu volumen de negocio. Nuestra misi\u00f3n es&nbsp; facilitarte una amplia variedad de merchandising personalizado, para que puedas obsequiar a tus interlocutores, y rentabilizar tu inversi\u00f3n.&nbsp;<\/p>\n<\/blockquote>\n\n\n\n<p>Adem\u00e1s. seguimos inform\u00e1ndote sobre las pr\u00f3ximas ferias en las que puedes potenciar tu negocio en recintos feriales: informaci\u00f3n relevante sobre visitantes y actualidad de los pr\u00f3ximos eventos.<\/p>\n\n\n\n<p>Este mes, las ferias m\u00e1s importantes se centran en tres tem\u00e1ticas diferentes:<\/p>\n\n\n\n<ul class=\"wp-block-list\">\n<li>Mec\u00e1nica y rob\u00f3tica<\/li>\n\n\n\n<li>Agroalimentaci\u00f3n<\/li>\n<\/ul>\n\n\n\n<div id=\"ez-toc-container\" class=\"ez-toc-v2_0_82_2 counter-hierarchy ez-toc-counter ez-toc-grey ez-toc-container-direction\">\n<div class=\"ez-toc-title-container\">\n<p class=\"ez-toc-title\" style=\"cursor:inherit\">\u00cdndice<\/p>\n<span class=\"ez-toc-title-toggle\"><a href=\"#\" class=\"ez-toc-pull-right ez-toc-btn ez-toc-btn-xs ez-toc-btn-default ez-toc-toggle\" aria-label=\"Alternar tabla de contenidos\"><span class=\"ez-toc-js-icon-con\"><span class=\"\"><span class=\"eztoc-hide\" style=\"display:none;\">Toggle<\/span><span class=\"ez-toc-icon-toggle-span\"><svg style=\"fill: #999;color:#999\" xmlns=\"http:\/\/www.w3.org\/2000\/svg\" class=\"list-377408\" width=\"20px\" height=\"20px\" viewBox=\"0 0 24 24\" fill=\"none\"><path d=\"M6 6H4v2h2V6zm14 0H8v2h12V6zM4 11h2v2H4v-2zm16 0H8v2h12v-2zM4 16h2v2H4v-2zm16 0H8v2h12v-2z\" fill=\"currentColor\"><\/path><\/svg><svg style=\"fill: #999;color:#999\" class=\"arrow-unsorted-368013\" xmlns=\"http:\/\/www.w3.org\/2000\/svg\" width=\"10px\" height=\"10px\" viewBox=\"0 0 24 24\" version=\"1.2\" baseProfile=\"tiny\"><path d=\"M18.2 9.3l-6.2-6.3-6.2 6.3c-.2.2-.3.4-.3.7s.1.5.3.7c.2.2.4.3.7.3h11c.3 0 .5-.1.7-.3.2-.2.3-.5.3-.7s-.1-.5-.3-.7zM5.8 14.7l6.2 6.3 6.2-6.3c.2-.2.3-.5.3-.7s-.1-.5-.3-.7c-.2-.2-.4-.3-.7-.3h-11c-.3 0-.5.1-.7.3-.2.2-.3.5-.3.7s.1.5.3.7z\"\/><\/svg><\/span><\/span><\/span><\/a><\/span><\/div>\n<nav><ul class='ez-toc-list ez-toc-list-level-1 ' ><li class='ez-toc-page-1 ez-toc-heading-level-2'><a class=\"ez-toc-link ez-toc-heading-1\" href=\"https:\/\/www.promopresent.com\/blog\/how-much-fabric-do-you-actually-need\/#Ferias_de_mecanica_robotica_y_electronica_en_Barcelona\" >Ferias de mec\u00e1nica, rob\u00f3tica y electr\u00f3nica en Barcelona<\/a><ul class='ez-toc-list-level-3' ><li class='ez-toc-heading-level-3'><a class=\"ez-toc-link ez-toc-heading-2\" href=\"https:\/\/www.promopresent.com\/blog\/how-much-fabric-do-you-actually-need\/#LAdvanced_Machine_Tools\" >LAdvanced Machine Tools<\/a><\/li><li class='ez-toc-page-1 ez-toc-heading-level-3'><a class=\"ez-toc-link ez-toc-heading-3\" href=\"https:\/\/www.promopresent.com\/blog\/how-much-fabric-do-you-actually-need\/#Advanced_Factories\" >Advanced Factories<\/a><ul class='ez-toc-list-level-4' ><li class='ez-toc-heading-level-4'><a class=\"ez-toc-link ez-toc-heading-4\" href=\"https:\/\/www.promopresent.com\/blog\/how-much-fabric-do-you-actually-need\/#Fira_de_Barcelona-_Recinto_de_Gran_Via-_Del_18-4_al_20-4-23\" >(Fira de Barcelona- Recinto de Gran V\u00eda- Del 18-4 al 20-4-23)<\/a><\/li><\/ul><\/li><\/ul><\/li><li class='ez-toc-page-1 ez-toc-heading-level-2'><a class=\"ez-toc-link ez-toc-heading-5\" href=\"https:\/\/www.promopresent.com\/blog\/how-much-fabric-do-you-actually-need\/#Ferias_de_agroalimentacion\" >Ferias de agroalimentaci\u00f3n<\/a><ul class='ez-toc-list-level-3' ><li class='ez-toc-heading-level-3'><a class=\"ez-toc-link ez-toc-heading-6\" href=\"https:\/\/www.promopresent.com\/blog\/how-much-fabric-do-you-actually-need\/#Salon_Gourmet_Seafood_Expo_Global_Seafood_Processing_Global\" >Sal\u00f3n Gourmet + Seafood Expo Global &amp; Seafood Processing Global<\/a><\/li><\/ul><\/li><li class='ez-toc-page-1 ez-toc-heading-level-2'><a class=\"ez-toc-link ez-toc-heading-7\" href=\"https:\/\/www.promopresent.com\/blog\/how-much-fabric-do-you-actually-need\/#Que_regalar_en_un_stand\" >Qu\u00e9 regalar en un stand<\/a><ul class='ez-toc-list-level-4' ><li class='ez-toc-heading-level-4'><ul class='ez-toc-list-level-4' ><li class='ez-toc-heading-level-4'><a class=\"ez-toc-link ez-toc-heading-8\" href=\"https:\/\/www.promopresent.com\/blog\/how-much-fabric-do-you-actually-need\/#%C2%BFQuieres_que_te_ayudemos_a_elegir\" >\u00bfQuieres que te ayudemos a elegir?<\/a><\/li><\/ul><\/li><\/ul><\/li><\/ul><\/nav><\/div>\n<h2 class=\"wp-block-heading\"><span class=\"ez-toc-section\" id=\"Ferias_de_mecanica_robotica_y_electronica_en_Barcelona\"><\/span><strong>Ferias de mec\u00e1nica, rob\u00f3tica y electr\u00f3nica en Barcelona<\/strong><span class=\"ez-toc-section-end\"><\/span><\/h2>\n\n\n\n<p>La tecnolog\u00eda y la mec\u00e1nica, unido al gran avance que experimenta la rob\u00f3tica en la econom\u00eda, hacen de este sector un referente en nuestro pa\u00eds. En 2021, el sector tecnol\u00f3gico factur\u00f3 un 5,2 % m\u00e1s. El sector tecnol\u00f3gico representa el 22% de nuestro PIB, y alcanz\u00f3 en 2021 los 114.493 millones de euros.<\/p>\n\n\n\n<p>Si perteneces a este pujante sector, exponer en ferias es una herramienta fundamental para dar a conocer tus novedades. Recuerda que, si expones, debes preparar merchandising promocional para completar tu experiencia con tus clientes.<\/p>\n\n\n\n<p> <a href=\"https:\/\/promopresent.es\/tecnologia\/\">iBusca aqu\u00ed algunas ideas de regalos tecnol\u00f3gicos!<\/a><\/p>\n\n\n<style>.wp-block-kadence-advancedheading.kt-adv-heading_7c5a61-18, .wp-block-kadence-advancedheading.kt-adv-heading_7c5a61-18[data-kb-block=\"kb-adv-heading_7c5a61-18\"]{font-style:normal;}.wp-block-kadence-advancedheading.kt-adv-heading_7c5a61-18 mark, .wp-block-kadence-advancedheading.kt-adv-heading_7c5a61-18[data-kb-block=\"kb-adv-heading_7c5a61-18\"] mark{font-style:normal;color:#f76a0c;padding-top:0px;padding-right:0px;padding-bottom:0px;padding-left:0px;}<\/style>\n<h3 class=\"kt-adv-heading_7c5a61-18 wp-block-kadence-advancedheading\" data-kb-block=\"kb-adv-heading_7c5a61-18\"><span class=\"ez-toc-section\" id=\"LAdvanced_Machine_Tools\"><\/span>LAdvanced Machine Tools<span class=\"ez-toc-section-end\"><\/span><\/h3>\n\n\n\n<p>Se trata de una feria de proveedores de m\u00e1quina-herramienta, bienes de consumo y equipos auxiliares para la industria. La feria se realizar\u00e1 entre los d\u00edas 18 y 20 de abril en Barcelona.<\/p>\n\n\n\n<p>En Fira de Barcelona se dan cita 14000 profesionales para tomar decisiones de compra y generar nuevas relaciones entre empresas. El merchandising personalizado y los regalos de empresa son una opci\u00f3n para prolongar tu encuentro con los clientes y potenciales de la feria..&nbsp;<\/p>\n\n\n<style>.wp-block-kadence-advancedheading.kt-adv-heading_a2578c-3a, .wp-block-kadence-advancedheading.kt-adv-heading_a2578c-3a[data-kb-block=\"kb-adv-heading_a2578c-3a\"]{font-style:normal;}.wp-block-kadence-advancedheading.kt-adv-heading_a2578c-3a mark, .wp-block-kadence-advancedheading.kt-adv-heading_a2578c-3a[data-kb-block=\"kb-adv-heading_a2578c-3a\"] mark{font-style:normal;color:#f76a0c;padding-top:0px;padding-right:0px;padding-bottom:0px;padding-left:0px;}<\/style>\n<h3 class=\"kt-adv-heading_a2578c-3a wp-block-kadence-advancedheading\" data-kb-block=\"kb-adv-heading_a2578c-3a\"><span class=\"ez-toc-section\" id=\"Advanced_Factories\"><\/span>Advanced Factories <span class=\"ez-toc-section-end\"><\/span><\/h3>\n\n\n<style>.wp-block-kadence-advancedheading.kt-adv-heading_ceaf05-55, .wp-block-kadence-advancedheading.kt-adv-heading_ceaf05-55[data-kb-block=\"kb-adv-heading_ceaf05-55\"]{font-style:normal;}.wp-block-kadence-advancedheading.kt-adv-heading_ceaf05-55 mark, .wp-block-kadence-advancedheading.kt-adv-heading_ceaf05-55[data-kb-block=\"kb-adv-heading_ceaf05-55\"] mark{font-style:normal;color:#f76a0c;padding-top:0px;padding-right:0px;padding-bottom:0px;padding-left:0px;}<\/style>\n<h4 class=\"kt-adv-heading_ceaf05-55 wp-block-kadence-advancedheading\" data-kb-block=\"kb-adv-heading_ceaf05-55\"><span class=\"ez-toc-section\" id=\"Fira_de_Barcelona-_Recinto_de_Gran_Via-_Del_18-4_al_20-4-23\"><\/span>(Fira de Barcelona- Recinto de Gran V\u00eda- Del 18-4 al 20-4-23)<span class=\"ez-toc-section-end\"><\/span><\/h4>\n\n\n\n<p>En los \u00faltimos a\u00f1os, la rob\u00f3tica ha alcanzado una gran relevancia en este sector. En la feria se muestran las \u00faltimas novedades en automatizaci\u00f3n industrial, rob\u00f3tica y tecnolog\u00edas para agilizar la producci\u00f3n en diferentes sectores.&nbsp;<\/p>\n\n\n\n<p>A la feria acuden los siguientes responsables de la toma de decisi\u00f3n de compra: <\/p>\n\n\n\n<p>memorias USB, cargadores inal\u00e1mbricos, auriculares, power banks,&#8230;<\/p>\n\n\n<style>.wp-block-kadence-advancedheading.kt-adv-heading_c8261e-e5, .wp-block-kadence-advancedheading.kt-adv-heading_c8261e-e5[data-kb-block=\"kb-adv-heading_c8261e-e5\"]{font-style:normal;}.wp-block-kadence-advancedheading.kt-adv-heading_c8261e-e5 mark, .wp-block-kadence-advancedheading.kt-adv-heading_c8261e-e5[data-kb-block=\"kb-adv-heading_c8261e-e5\"] mark{font-style:normal;color:#f76a0c;padding-top:0px;padding-right:0px;padding-bottom:0px;padding-left:0px;}<\/style>\n<h2 class=\"kt-adv-heading_c8261e-e5 wp-block-kadence-advancedheading\" data-kb-block=\"kb-adv-heading_c8261e-e5\"><span class=\"ez-toc-section\" id=\"Ferias_de_agroalimentacion\"><\/span><strong>Ferias de agroalimentaci\u00f3n<\/strong><span class=\"ez-toc-section-end\"><\/span><\/h2>\n\n\n<style>.wp-block-kadence-advancedheading.kt-adv-heading_8b0cba-d7, .wp-block-kadence-advancedheading.kt-adv-heading_8b0cba-d7[data-kb-block=\"kb-adv-heading_8b0cba-d7\"]{font-style:normal;}.wp-block-kadence-advancedheading.kt-adv-heading_8b0cba-d7 mark, .wp-block-kadence-advancedheading.kt-adv-heading_8b0cba-d7[data-kb-block=\"kb-adv-heading_8b0cba-d7\"] mark{font-style:normal;color:#f76a0c;padding-top:0px;padding-right:0px;padding-bottom:0px;padding-left:0px;}<\/style>\n<h3 class=\"kt-adv-heading_8b0cba-d7 wp-block-kadence-advancedheading\" data-kb-block=\"kb-adv-heading_8b0cba-d7\"><span class=\"ez-toc-section\" id=\"Salon_Gourmet_Seafood_Expo_Global_Seafood_Processing_Global\"><\/span><strong>Sal\u00f3n Gourmet + Seafood Expo Global &amp; Seafood Processing Global<\/strong><span class=\"ez-toc-section-end\"><\/span><\/h3>\n\n\n\n<p>Si vas a exponer en el Sal\u00f3n Gourmet o en Seafood Expo Global, te ofrecemos ideas originales para ofrecer <a href=\"https:\/\/promopresent.es\/hogar\/cocina\/\">merchandising con tu logo a tus clientes.<\/a><\/p>\n\n\n\n<p>El sector agroalimentario tiene dos citas importantes en nuestro pa\u00eds en el mes de abril. Sal\u00f3n Gourmet Del 17 al 20-4-23 se celebra en IFEMA el Sal\u00f3n Gourmet. Esta feria muestra novedades de alimentaci\u00f3n y bebidas de calidad y Delicatessen.&nbsp;<\/p>\n\n\n\n<p>En el apartado de Organic Exhibition Area, se presentan m\u00e1s de 200 productos de alimentaci\u00f3n ecol\u00f3gicos.<\/p>\n\n\n\n<p>Adem\u00e1s, en el \u201cT\u00fanel del vino\u201d, se&nbsp; muestran m\u00e1s de 200 variedades de vinos del pa\u00eds (el sector vitivin\u00edcola aporta el 2,2% del valor a\u00f1adido bruto). Espa\u00f1a es el tercer productor mundial de vino.  Los amantes del vino, suman este evento a la <strong>Barcelona Wine Week<\/strong>, que se celebr\u00f3 en Barcelona entre el 5 y el 7 de febrero.<\/p>\n\n\n\n<figure class=\"wp-block-image size-full\"><img loading=\"lazy\" decoding=\"async\" width=\"1010\" height=\"400\" src=\"https:\/\/www.promopresent.com\/blog\/wp-content\/uploads\/2023\/03\/Alimentaria-feria-23.jpg\" alt=\"\" class=\"wp-image-704\" srcset=\"https:\/\/www.promopresent.com\/blog\/wp-content\/uploads\/2023\/03\/Alimentaria-feria-23.jpg 1010w, https:\/\/www.promopresent.com\/blog\/wp-content\/uploads\/2023\/03\/Alimentaria-feria-23-300x119.jpg 300w, https:\/\/www.promopresent.com\/blog\/wp-content\/uploads\/2023\/03\/Alimentaria-feria-23-768x304.jpg 768w\" sizes=\"auto, (max-width: 1010px) 100vw, 1010px\" \/><figcaption class=\"wp-element-caption\">La industria alimentaria es uno de los motores de nuestra econom\u00eda<\/figcaption><\/figure>\n\n\n\n<p class=\"has-text-align-center\"><\/p>\n\n\n\n<p>La importancia del vino en nuestro pa\u00eds, ha generado una verdadera cultura, con empresas dedicadas a catas, visitas a bodegas, accesorios para vino como neveras, sacacorchos, enfriadores, aireadores,&#8230; <\/p>\n\n\n\n<ul class=\"wp-block-list\">\n<li><a href=\"https:\/\/www.promopresent.com\/hogar\/cocina\/abrebotellas-sacacorchos\/\" title=\"\">Sacacorchos<\/a><\/li>\n\n\n\n<li><a href=\"https:\/\/www.promopresent.com\/producto\/hogar\/hogar\/aireador-patis.html\" title=\"\">Aireadores con logo<\/a><\/li>\n\n\n\n<li><a href=\"https:\/\/www.promopresent.com\/producto\/bolsas-mochilas\/bolsas-mochilas\/bolsa-yaiza.html\" title=\"\">Bolsas portabotellas<\/a><\/li>\n<\/ul>\n\n\n\n<p>Muchos de estos productos son utilizados como regalo promocional altamente valorados por la creciente comunidad de aficionados a la tecnolog\u00eda.<\/p>\n\n\n\n<p>Hay un segundo t\u00fanel, dedicado a la cata de aceites de oliva. Espa\u00f1a produce el 70% del aceite de oliva de la UE; y el 45% de toda la producci\u00f3n mundial. Nuestro pa\u00eds es el primer exportador mundial (el 65% de la producci\u00f3n sale de nuestras fronteras).<\/p>\n\n\n\n<figure class=\"wp-block-image size-full\"><img loading=\"lazy\" decoding=\"async\" width=\"1000\" height=\"667\" src=\"https:\/\/www.promopresent.com\/blog\/wp-content\/uploads\/2023\/03\/alimentacion-feria-23.jpg\" alt=\"\" class=\"wp-image-705\" srcset=\"https:\/\/www.promopresent.com\/blog\/wp-content\/uploads\/2023\/03\/alimentacion-feria-23.jpg 1000w, https:\/\/www.promopresent.com\/blog\/wp-content\/uploads\/2023\/03\/alimentacion-feria-23-300x200.jpg 300w, https:\/\/www.promopresent.com\/blog\/wp-content\/uploads\/2023\/03\/alimentacion-feria-23-768x512.jpg 768w\" sizes=\"auto, (max-width: 1000px) 100vw, 1000px\" \/><figcaption class=\"wp-element-caption\">Las catas son una buena ocasi\u00f3n para ofrecer merchandising con logo<\/figcaption><\/figure>\n\n\n\n<p><strong>Seafood Expo Global <\/strong>es una feria especializada en transformados de productos del mar. Esta feria congreg\u00f3 el a\u00f1o 2022 a 26.703 asistentes, con 1.556 empresas expositoras de 77 pa\u00edses. Este a\u00f1o, la feria aumenta su capacidad y, sin duda, ser\u00e1 un gran acontecimiento para la industria agroalimentaria.<\/p>\n\n\n\n<p>La influencia de la comida asi\u00e1tica y el aumento en general de la ingesta de pescado; hacen de esta feria un gran evento que despierta el inter\u00e9s de p\u00fablicos muy diversos.<\/p>\n\n\n\n<p>El evento re\u00fane a proveedores con compradores (donde la hosteler\u00eda tiene un gran peso), operadores log\u00edsticos especializados, fabricantes de maquinaria de conservaci\u00f3n y mantenimiento\u2026<\/p>\n\n\n\n<h2 class=\"wp-block-heading\"><span class=\"ez-toc-section\" id=\"Que_regalar_en_un_stand\"><\/span><strong>Qu\u00e9 regalar en un stand<\/strong><span class=\"ez-toc-section-end\"><\/span><\/h2>\n\n\n\n<p>Como hemos visto, existen multitud de regalos para llevar a una feria. Lo importante es que sean \u00fatiles para tu cliente, y que permanezcan, con tu marca, siempre cerca de ellos.<\/p>\n\n\n\n<figure class=\"wp-block-gallery has-nested-images columns-3 is-cropped wp-block-gallery-1 is-layout-flex wp-block-gallery-is-layout-flex\">\n<figure class=\"wp-block-image size-large\"><a href=\"https:\/\/www.promopresent.com\/tazas-botellas\/botellas-personalizadas\/\"><img loading=\"lazy\" decoding=\"async\" width=\"500\" height=\"500\" data-id=\"692\" src=\"https:\/\/www.promopresent.com\/blog\/wp-content\/uploads\/2023\/03\/bvotella-con-logo-500-3.png\" alt=\"Botellas y termos para personalizar con logo\" class=\"wp-image-692\" srcset=\"https:\/\/www.promopresent.com\/blog\/wp-content\/uploads\/2023\/03\/bvotella-con-logo-500-3.png 500w, https:\/\/www.promopresent.com\/blog\/wp-content\/uploads\/2023\/03\/bvotella-con-logo-500-3-300x300.png 300w, https:\/\/www.promopresent.com\/blog\/wp-content\/uploads\/2023\/03\/bvotella-con-logo-500-3-150x150.png 150w\" sizes=\"auto, (max-width: 500px) 100vw, 500px\" \/><\/a><figcaption class=\"wp-element-caption\">Botellas y termos personalizados<\/figcaption><\/figure>\n\n\n\n<figure class=\"wp-block-image size-large\"><a href=\"https:\/\/www.promopresent.com\/tecnologia\/accesorios-moviles-tablets\/base-carga\/\"><img loading=\"lazy\" decoding=\"async\" width=\"506\" height=\"506\" data-id=\"691\" src=\"https:\/\/www.promopresent.com\/blog\/wp-content\/uploads\/2023\/03\/cargador-inalambrico-con-logo-500-2.png\" alt=\"Cargadores inalambricos personalizados y accesorios para m\u00f3viles y tablets\" class=\"wp-image-691\" srcset=\"https:\/\/www.promopresent.com\/blog\/wp-content\/uploads\/2023\/03\/cargador-inalambrico-con-logo-500-2.png 506w, https:\/\/www.promopresent.com\/blog\/wp-content\/uploads\/2023\/03\/cargador-inalambrico-con-logo-500-2-300x300.png 300w, https:\/\/www.promopresent.com\/blog\/wp-content\/uploads\/2023\/03\/cargador-inalambrico-con-logo-500-2-150x150.png 150w\" sizes=\"auto, (max-width: 506px) 100vw, 506px\" \/><\/a><figcaption class=\"wp-element-caption\">Cargadores inal\u00e1mbricos para m\u00f3vil<\/figcaption><\/figure>\n\n\n\n<figure class=\"wp-block-image size-large\"><a href=\"https:\/\/www.promopresent.com\/tecnologia\/usb-personalizados\/\"><img loading=\"lazy\" decoding=\"async\" width=\"378\" height=\"378\" data-id=\"690\" src=\"https:\/\/www.promopresent.com\/blog\/wp-content\/uploads\/2023\/03\/pendrive-personalizable-memoria-usb-1.png\" alt=\"Pendrives personalizables. Memorias USB para personalizar con logo\" class=\"wp-image-690\" srcset=\"https:\/\/www.promopresent.com\/blog\/wp-content\/uploads\/2023\/03\/pendrive-personalizable-memoria-usb-1.png 378w, https:\/\/www.promopresent.com\/blog\/wp-content\/uploads\/2023\/03\/pendrive-personalizable-memoria-usb-1-300x300.png 300w, https:\/\/www.promopresent.com\/blog\/wp-content\/uploads\/2023\/03\/pendrive-personalizable-memoria-usb-1-150x150.png 150w\" sizes=\"auto, (max-width: 378px) 100vw, 378px\" \/><\/a><figcaption class=\"wp-element-caption\">Pendrives personalizados<\/figcaption><\/figure>\n<\/figure>\n\n\n\n<p><\/p>\n\n\n\n<p><\/p>\n\n\n\n<p>Para cualquier feria, hay una serie de regalos cl\u00e1sicos que nunca fallan:<\/p>\n\n\n\n<ol class=\"wp-block-list\">\n<li><a href=\"https:\/\/www.promopresent.com\/material-oficina\/escritura\/boligrafos\/\" title=\"\">Bol\u00edgrafos personalizados<\/a><\/li>\n\n\n\n<li><a href=\"https:\/\/www.promopresent.com\/bolsas-mochilas\/bolsas-personalizadas\/\" title=\"\">Bolsas de tela<\/a> y<a href=\"https:\/\/www.promopresent.com\/bolsas-mochilas\/bolsas-mochilas\/cuerdas\/\" title=\"\"> mochilas<\/a><\/li>\n\n\n\n<li><a href=\"https:\/\/www.promopresent.com\/material-oficina\/llaveros-personalizados\/\" title=\"\">Llaveros<\/a><\/li>\n\n\n\n<li><a href=\"https:\/\/www.promopresent.com\/ropa-textil\/complementos\/gorras\/\" title=\"\">Gorras personalizadas<\/a><\/li>\n<\/ol>\n\n\n<style>.wp-block-kadence-advancedheading.kt-adv-heading_d8f00c-e8, .wp-block-kadence-advancedheading.kt-adv-heading_d8f00c-e8[data-kb-block=\"kb-adv-heading_d8f00c-e8\"]{font-style:normal;}.wp-block-kadence-advancedheading.kt-adv-heading_d8f00c-e8 mark, .wp-block-kadence-advancedheading.kt-adv-heading_d8f00c-e8[data-kb-block=\"kb-adv-heading_d8f00c-e8\"] mark{font-style:normal;color:#f76a0c;padding-top:0px;padding-right:0px;padding-bottom:0px;padding-left:0px;}<\/style>\n<h4 class=\"kt-adv-heading_d8f00c-e8 wp-block-kadence-advancedheading\" data-kb-block=\"kb-adv-heading_d8f00c-e8\"><span class=\"ez-toc-section\" id=\"%C2%BFQuieres_que_te_ayudemos_a_elegir\"><\/span>\u00bfQuieres que te ayudemos a elegir? <span class=\"ez-toc-section-end\"><\/span><\/h4>\n\n\n\n<div class=\"wpforms-container wpforms-container-full\" id=\"wpforms-412\"><form id=\"wpforms-form-412\" class=\"wpforms-validate wpforms-form wpforms-ajax-form\" data-formid=\"412\" method=\"post\" enctype=\"multipart\/form-data\" action=\"\/blog\/wp-json\/wp\/v2\/posts\/158\" data-token=\"9bbce83a83840e184cc820726d1f0948\"><noscript class=\"wpforms-error-noscript\">Por favor, activa JavaScript en tu navegador para completar este formulario.<\/noscript><div class=\"wpforms-field-container\"><div id=\"wpforms-412-field_0-container\" class=\"wpforms-field wpforms-field-name\" data-field-id=\"0\"><label class=\"wpforms-field-label\" for=\"wpforms-412-field_0\">Nombre <span class=\"wpforms-required-label\">*<\/span><\/label><div class=\"wpforms-field-row wpforms-field-medium\"><div class=\"wpforms-field-row-block wpforms-first wpforms-one-half\"><input type=\"text\" id=\"wpforms-412-field_0\" class=\"wpforms-field-name-first wpforms-field-required\" name=\"wpforms[fields][0][first]\" required><label for=\"wpforms-412-field_0\" class=\"wpforms-field-sublabel after \">Nombre<\/label><\/div><div class=\"wpforms-field-row-block wpforms-one-half\"><input type=\"text\" id=\"wpforms-412-field_0-last\" class=\"wpforms-field-name-last wpforms-field-required\" name=\"wpforms[fields][0][last]\" required><label for=\"wpforms-412-field_0-last\" class=\"wpforms-field-sublabel after \">Apellidos<\/label><\/div><\/div><\/div><div id=\"wpforms-412-field_4-container\" class=\"wpforms-field wpforms-field-text\" data-field-id=\"4\"><label class=\"wpforms-field-label\" for=\"wpforms-412-field_4\">Empresa<\/label><input type=\"text\" id=\"wpforms-412-field_4\" class=\"wpforms-field-medium\" name=\"wpforms[fields][4]\" ><\/div><div id=\"wpforms-412-field_1-container\" class=\"wpforms-field wpforms-field-email\" data-field-id=\"1\"><label class=\"wpforms-field-label\" for=\"wpforms-412-field_1\">Correo electr\u00f3nico <span class=\"wpforms-required-label\">*<\/span><\/label><input type=\"email\" id=\"wpforms-412-field_1\" class=\"wpforms-field-medium wpforms-field-required\" name=\"wpforms[fields][1]\" required><\/div><div id=\"wpforms-412-field_2-container\" class=\"wpforms-field wpforms-field-textarea\" data-field-id=\"2\"><label class=\"wpforms-field-label\" for=\"wpforms-412-field_2\">Solicita informaci\u00f3n <span class=\"wpforms-required-label\">*<\/span><\/label><textarea id=\"wpforms-412-field_2\" class=\"wpforms-field-medium wpforms-field-required\" name=\"wpforms[fields][2]\" required><\/textarea><div class=\"wpforms-field-description\">Te ayudaremos a encontrar tu regalo de empresa. Si lo prefieres, llama al 937 900 666<\/div><\/div><\/div><div class=\"wpforms-submit-container\"><input type=\"hidden\" name=\"wpforms[id]\" value=\"412\"><input type=\"hidden\" name=\"wpforms[author]\" value=\"2\"><button type=\"submit\" name=\"wpforms[submit]\" id=\"wpforms-submit-412\" class=\"wpforms-submit\" data-alt-text=\"Enviando...\" data-submit-text=\"Enviar\" aria-live=\"assertive\" value=\"wpforms-submit\">Enviar<\/button><img loading=\"lazy\" decoding=\"async\" src=\"https:\/\/www.promopresent.com\/blog\/wp-content\/plugins\/wpforms-lite\/assets\/images\/submit-spin.svg\" class=\"wpforms-submit-spinner\" style=\"display: none;\" width=\"26\" height=\"26\" alt=\"Cargando\"><\/div><\/form><\/div>  <!-- .wpforms-container -->\n\n\n\n<p><\/p>\n\n\n\n<p><\/p>\n","protected":false},"excerpt":{"rendered":"<p>En Promopresent sabemos la importancia de las ferias para potenciar tu volumen de negocio. Nuestra misi\u00f3n es&nbsp; facilitarte una amplia variedad de merchandising personalizado, para que puedas obsequiar a tus interlocutores, y rentabilizar tu inversi\u00f3n.&nbsp; Adem\u00e1s. seguimos inform\u00e1ndote sobre las pr\u00f3ximas ferias en las que puedes potenciar tu negocio en recintos feriales: informaci\u00f3n relevante sobre&#8230;<\/p>\n","protected":false},"author":2,"featured_media":668,"comment_status":"open","ping_status":"open","sticky":false,"template":"","format":"standard","meta":{"om_disable_all_campaigns":false,"_monsterinsights_skip_tracking":false,"_monsterinsights_sitenote_active":false,"_monsterinsights_sitenote_note":"","_monsterinsights_sitenote_category":0,"_kad_post_transparent":"","_kad_post_title":"","_kad_post_layout":"","_kad_post_sidebar_id":"","_kad_post_content_style":"","_kad_post_vertical_padding":"","_kad_post_feature":"","_kad_post_feature_position":"","_kad_post_header":false,"_kad_post_footer":false,"footnotes":"","_wpscppro_custom_social_share_image":0},"categories":[13,11],"tags":[55,16,8,28,31,29,30],"class_list":["post-158","post","type-post","status-publish","format-standard","has-post-thumbnail","hentry","category-ferias-y-eventos","category-todos","tag-identificadores-para-congresos","tag-regalos-ecologicos-para-eventos","tag-regalos-para-ferias","tag-regalos-para-ferias-alimentacion","tag-regalos-promocionales","tag-regalos-publicitarios","tag-regalos-publicitarios-para-ferias"],"aioseo_notices":[],"_links":{"self":[{"href":"https:\/\/www.promopresent.com\/blog\/wp-json\/wp\/v2\/posts\/158","targetHints":{"allow":["GET"]}}],"collection":[{"href":"https:\/\/www.promopresent.com\/blog\/wp-json\/wp\/v2\/posts"}],"about":[{"href":"https:\/\/www.promopresent.com\/blog\/wp-json\/wp\/v2\/types\/post"}],"author":[{"embeddable":true,"href":"https:\/\/www.promopresent.com\/blog\/wp-json\/wp\/v2\/users\/2"}],"replies":[{"embeddable":true,"href":"https:\/\/www.promopresent.com\/blog\/wp-json\/wp\/v2\/comments?post=158"}],"version-history":[{"count":23,"href":"https:\/\/www.promopresent.com\/blog\/wp-json\/wp\/v2\/posts\/158\/revisions"}],"predecessor-version":[{"id":1574,"href":"https:\/\/www.promopresent.com\/blog\/wp-json\/wp\/v2\/posts\/158\/revisions\/1574"}],"wp:featuredmedia":[{"embeddable":true,"href":"https:\/\/www.promopresent.com\/blog\/wp-json\/wp\/v2\/media\/668"}],"wp:attachment":[{"href":"https:\/\/www.promopresent.com\/blog\/wp-json\/wp\/v2\/media?parent=158"}],"wp:term":[{"taxonomy":"category","embeddable":true,"href":"https:\/\/www.promopresent.com\/blog\/wp-json\/wp\/v2\/categories?post=158"},{"taxonomy":"post_tag","embeddable":true,"href":"https:\/\/www.promopresent.com\/blog\/wp-json\/wp\/v2\/tags?post=158"}],"curies":[{"name":"wp","href":"https:\/\/api.w.org\/{rel}","templated":true}]}}