{"id":2045,"date":"2023-12-07T10:30:53","date_gmt":"2023-12-07T10:30:53","guid":{"rendered":"https:\/\/www.promopresent.com\/blog\/?p=2045"},"modified":"2023-12-11T07:36:24","modified_gmt":"2023-12-11T07:36:24","slug":"neceseres-publicitarios-regalar-sector","status":"publish","type":"post","link":"https:\/\/www.promopresent.com\/blog\/neceseres-publicitarios-regalar-sector\/","title":{"rendered":"Neceseres publicitarios para regalar seg\u00fan tu sector"},"content":{"rendered":"\n<p>Los regalos personalizados llevan a cabo un papel fundamental en la solidificaci\u00f3n de relaciones con los clientes y trabajadores. Cuando hablamos de <a href=\"https:\/\/www.promopresent.com\/bolsas-y-mochilas-personalizadas\/bolsas-de-viaje-personalizadas\/neceseres-personalizados\/\" title=\"neceseres personalizados\">neceseres personalizados<\/a>, la clave se encuentra en la personalizaci\u00f3n para ajustarse a la identidad y las necesidades determinantes de cada sector. <\/p>\n\n\n\n<p>En el art\u00edculo de hoy, presentamos<strong> 5 ideas creativas<\/strong> de estilos de neceseres personalizados que se ajustan a diferentes industrias y que podr\u00e1s encontrar en PROMOPRESENT.<\/p>\n\n\n\n<div id=\"ez-toc-container\" class=\"ez-toc-v2_0_82_2 counter-hierarchy ez-toc-counter ez-toc-grey ez-toc-container-direction\">\n<div class=\"ez-toc-title-container\">\n<p class=\"ez-toc-title\" style=\"cursor:inherit\">\u00cdndice<\/p>\n<span class=\"ez-toc-title-toggle\"><a href=\"#\" class=\"ez-toc-pull-right ez-toc-btn ez-toc-btn-xs ez-toc-btn-default ez-toc-toggle\" aria-label=\"Alternar tabla de contenidos\"><span class=\"ez-toc-js-icon-con\"><span class=\"\"><span class=\"eztoc-hide\" style=\"display:none;\">Toggle<\/span><span class=\"ez-toc-icon-toggle-span\"><svg style=\"fill: #999;color:#999\" xmlns=\"http:\/\/www.w3.org\/2000\/svg\" class=\"list-377408\" width=\"20px\" height=\"20px\" viewBox=\"0 0 24 24\" fill=\"none\"><path d=\"M6 6H4v2h2V6zm14 0H8v2h12V6zM4 11h2v2H4v-2zm16 0H8v2h12v-2zM4 16h2v2H4v-2zm16 0H8v2h12v-2z\" fill=\"currentColor\"><\/path><\/svg><svg style=\"fill: #999;color:#999\" class=\"arrow-unsorted-368013\" xmlns=\"http:\/\/www.w3.org\/2000\/svg\" width=\"10px\" height=\"10px\" viewBox=\"0 0 24 24\" version=\"1.2\" baseProfile=\"tiny\"><path d=\"M18.2 9.3l-6.2-6.3-6.2 6.3c-.2.2-.3.4-.3.7s.1.5.3.7c.2.2.4.3.7.3h11c.3 0 .5-.1.7-.3.2-.2.3-.5.3-.7s-.1-.5-.3-.7zM5.8 14.7l6.2 6.3 6.2-6.3c.2-.2.3-.5.3-.7s-.1-.5-.3-.7c-.2-.2-.4-.3-.7-.3h-11c-.3 0-.5.1-.7.3-.2.2-.3.5-.3.7s.1.5.3.7z\"\/><\/svg><\/span><\/span><\/span><\/a><\/span><\/div>\n<nav><ul class='ez-toc-list ez-toc-list-level-1 ' ><li class='ez-toc-page-1 ez-toc-heading-level-2'><a class=\"ez-toc-link ez-toc-heading-1\" href=\"https:\/\/www.promopresent.com\/blog\/neceseres-publicitarios-regalar-sector\/#Neceseres_publicitarios_para_el_sector_TECNOLOGICO\" >Neceseres publicitarios para el sector TECNOL\u00d3GICO<\/a><\/li><li class='ez-toc-page-1 ez-toc-heading-level-2'><a class=\"ez-toc-link ez-toc-heading-2\" href=\"https:\/\/www.promopresent.com\/blog\/neceseres-publicitarios-regalar-sector\/#Neceseres_publicitarios_para_la_industria_de_la_moda\" >Neceseres publicitarios para la industria de la moda<\/a><\/li><li class='ez-toc-page-1 ez-toc-heading-level-2'><a class=\"ez-toc-link ez-toc-heading-3\" href=\"https:\/\/www.promopresent.com\/blog\/neceseres-publicitarios-regalar-sector\/#Neceseres_publicitarios_para_el_ambito_deportivo\" >Neceseres publicitarios para el \u00e1mbito deportivo<\/a><\/li><li class='ez-toc-page-1 ez-toc-heading-level-2'><a class=\"ez-toc-link ez-toc-heading-4\" href=\"https:\/\/www.promopresent.com\/blog\/neceseres-publicitarios-regalar-sector\/#Neceseres_publicitarios_para_la_industria_del_cuidado_personal\" >Neceseres publicitarios para la industria del cuidado personal<\/a><\/li><\/ul><\/nav><\/div>\n<h2 class=\"wp-block-heading\"><span class=\"ez-toc-section\" id=\"Neceseres_publicitarios_para_el_sector_TECNOLOGICO\"><\/span>Neceseres publicitarios para el sector TECNOL\u00d3GICO<span class=\"ez-toc-section-end\"><\/span><\/h2>\n\n\n\n<p>El sector tecnol\u00f3gico se impulsa constantemente de innovaci\u00f3n y movilidad. Para ello, regalar un neceser personalizado dise\u00f1ado para tener espacio, poder almacenar los dispositivos electr\u00f3nicos y sus complementes, es esencial. Este tipo de producto, no solo demuestra un saber de las necesidades del receptor, sino que tambi\u00e9n muestra una persistente evoluci\u00f3n tecnol\u00f3gica.<\/p>\n\n\n\n<div class=\"wp-block-columns is-layout-flex wp-container-core-columns-is-layout-9d6595d7 wp-block-columns-is-layout-flex\">\n<div class=\"wp-block-column is-layout-flow wp-block-column-is-layout-flow\"><div class=\"wp-block-image\">\n<figure class=\"aligncenter size-full is-resized\"><a href=\"https:\/\/www.promopresent.com\/bolsas-y-mochilas-personalizadas\/bolsas-de-viaje-personalizadas\/portatodo-personalizado\/portadocumentos-viaje-farrel.html\"><img loading=\"lazy\" decoding=\"async\" width=\"530\" height=\"530\" src=\"https:\/\/www.promopresent.com\/blog\/wp-content\/uploads\/2023\/11\/portadocumentos-viaje-farrel.jpg\" alt=\"neceseres publicitarios\" class=\"wp-image-2047\" style=\"width:257px;height:auto\" srcset=\"https:\/\/www.promopresent.com\/blog\/wp-content\/uploads\/2023\/11\/portadocumentos-viaje-farrel.jpg 530w, https:\/\/www.promopresent.com\/blog\/wp-content\/uploads\/2023\/11\/portadocumentos-viaje-farrel-300x300.jpg 300w, https:\/\/www.promopresent.com\/blog\/wp-content\/uploads\/2023\/11\/portadocumentos-viaje-farrel-150x150.jpg 150w\" sizes=\"auto, (max-width: 530px) 100vw, 530px\" \/><\/a><figcaption class=\"wp-element-caption\"><a href=\"https:\/\/www.promopresent.com\/bolsas-y-mochilas-personalizadas\/bolsas-de-viaje-personalizadas\/portatodo-personalizado\/portadocumentos-viaje-farrel.html\" title=\"Portadocumentos Viaje Farrel\n\">Portadocumentos Viaje Farrel<br><\/a><\/figcaption><\/figure>\n<\/div><\/div>\n\n\n\n<div class=\"wp-block-column is-layout-flow wp-block-column-is-layout-flow\"><div class=\"wp-block-image\">\n<figure class=\"aligncenter size-full is-resized\"><a href=\"https:\/\/www.promopresent.com\/bolsas-y-mochilas-personalizadas\/bolsas-de-viaje-personalizadas\/neceseres-personalizados\/neceser-milo.html#\/31-color-rojo\"><img loading=\"lazy\" decoding=\"async\" width=\"530\" height=\"530\" src=\"https:\/\/www.promopresent.com\/blog\/wp-content\/uploads\/2023\/11\/neceser-milo.jpg\" alt=\"neceseres publicitarios\" class=\"wp-image-2048\" style=\"width:258px;height:auto\" srcset=\"https:\/\/www.promopresent.com\/blog\/wp-content\/uploads\/2023\/11\/neceser-milo.jpg 530w, https:\/\/www.promopresent.com\/blog\/wp-content\/uploads\/2023\/11\/neceser-milo-300x300.jpg 300w, https:\/\/www.promopresent.com\/blog\/wp-content\/uploads\/2023\/11\/neceser-milo-150x150.jpg 150w\" sizes=\"auto, (max-width: 530px) 100vw, 530px\" \/><\/a><figcaption class=\"wp-element-caption\"><a href=\"https:\/\/www.promopresent.com\/bolsas-y-mochilas-personalizadas\/bolsas-de-viaje-personalizadas\/neceseres-personalizados\/neceser-milo.html#\/31-color-rojo\" title=\"Neceser Milo\">Neceser Milo<\/a><\/figcaption><\/figure>\n<\/div><\/div>\n<\/div>\n\n\n\n<h2 class=\"wp-block-heading\"><span class=\"ez-toc-section\" id=\"Neceseres_publicitarios_para_la_industria_de_la_moda\"><\/span>Neceseres publicitarios para la industria de la moda<span class=\"ez-toc-section-end\"><\/span><\/h2>\n\n\n\n<p>Los neceseres personalizados que reflejen estilo y elegancia van a ser una buena opci\u00f3n para ofrecer a clientes y trabajadores de empresas del sector. Con un dise\u00f1o est\u00e9tico y vers\u00e1til para vestir en distintas ocasiones, sorprender\u00e1s a cualquier que lo reciba, haciendo que lo lleve en su d\u00eda a d\u00eda y moviendo a tu logotipo por todos lados. <\/p>\n\n\n\n<div class=\"wp-block-columns is-layout-flex wp-container-core-columns-is-layout-9d6595d7 wp-block-columns-is-layout-flex\">\n<div class=\"wp-block-column is-layout-flow wp-block-column-is-layout-flow\"><div class=\"wp-block-image\">\n<figure class=\"aligncenter size-full is-resized\"><img loading=\"lazy\" decoding=\"async\" width=\"530\" height=\"530\" src=\"https:\/\/www.promopresent.com\/blog\/wp-content\/uploads\/2023\/11\/neceser-roger-1-1.jpg\" alt=\"neceseres publicitarios\" class=\"wp-image-2054\" style=\"width:276px;height:auto\" srcset=\"https:\/\/www.promopresent.com\/blog\/wp-content\/uploads\/2023\/11\/neceser-roger-1-1.jpg 530w, https:\/\/www.promopresent.com\/blog\/wp-content\/uploads\/2023\/11\/neceser-roger-1-1-300x300.jpg 300w, https:\/\/www.promopresent.com\/blog\/wp-content\/uploads\/2023\/11\/neceser-roger-1-1-150x150.jpg 150w\" sizes=\"auto, (max-width: 530px) 100vw, 530px\" \/><figcaption class=\"wp-element-caption\"><a href=\"https:\/\/www.promopresent.com\/bolsas-y-mochilas-personalizadas\/bolsas-de-viaje-personalizadas\/neceseres-personalizados\/neceser-roger.html\" title=\"\">Neceser Roger<\/a><\/figcaption><\/figure>\n<\/div><\/div>\n\n\n\n<div class=\"wp-block-column is-layout-flow wp-block-column-is-layout-flow\"><div class=\"wp-block-image\">\n<figure class=\"aligncenter size-full is-resized\"><a href=\"https:\/\/www.promopresent.com\/bolsas-y-mochilas-personalizadas\/bolsas-de-viaje-personalizadas\/neceseres-personalizados\/neceser-darak.html\"><img loading=\"lazy\" decoding=\"async\" width=\"530\" height=\"530\" src=\"https:\/\/www.promopresent.com\/blog\/wp-content\/uploads\/2023\/11\/bolsa-relon-8.jpg\" alt=\"neceseres publicitarios\" class=\"wp-image-2051\" style=\"width:278px;height:auto\" srcset=\"https:\/\/www.promopresent.com\/blog\/wp-content\/uploads\/2023\/11\/bolsa-relon-8.jpg 530w, https:\/\/www.promopresent.com\/blog\/wp-content\/uploads\/2023\/11\/bolsa-relon-8-300x300.jpg 300w, https:\/\/www.promopresent.com\/blog\/wp-content\/uploads\/2023\/11\/bolsa-relon-8-150x150.jpg 150w\" sizes=\"auto, (max-width: 530px) 100vw, 530px\" \/><\/a><figcaption class=\"wp-element-caption\"><a href=\"https:\/\/www.promopresent.com\/bolsas-y-mochilas-personalizadas\/bolsas-de-viaje-personalizadas\/neceseres-personalizados\/neceser-darak.html\" title=\"Neceser Darak\n\">Neceser Darak<br><\/a><\/figcaption><\/figure>\n<\/div><\/div>\n<\/div>\n\n\n\n<h2 class=\"wp-block-heading\"><span class=\"ez-toc-section\" id=\"Neceseres_publicitarios_para_el_ambito_deportivo\"><\/span>Neceseres publicitarios para el \u00e1mbito deportivo<span class=\"ez-toc-section-end\"><\/span><\/h2>\n\n\n\n<p>Los amantes del deporte y la actividad f\u00edsica valoran mucho los aspectos funcionales de aquello de lo que har\u00e1n uso. Para ello, debemos fijarnos en un neceser personalizado que sea resistente, impermeable, ligero y con las caracter\u00edsticas adecuadas para soportar entornos de acci\u00f3n.<\/p>\n\n\n\n<div class=\"wp-block-columns is-layout-flex wp-container-core-columns-is-layout-9d6595d7 wp-block-columns-is-layout-flex\">\n<div class=\"wp-block-column is-layout-flow wp-block-column-is-layout-flow\"><div class=\"wp-block-image\">\n<figure class=\"aligncenter size-full is-resized\"><a href=\"https:\/\/www.promopresent.com\/bolsas-y-mochilas-personalizadas\/neceser-asher.html#\/30-color-naranja\"><img loading=\"lazy\" decoding=\"async\" width=\"530\" height=\"530\" src=\"https:\/\/www.promopresent.com\/blog\/wp-content\/uploads\/2023\/11\/neceser-asher.jpg\" alt=\"neceseres publicitarios\" class=\"wp-image-2052\" style=\"width:260px;height:auto\" srcset=\"https:\/\/www.promopresent.com\/blog\/wp-content\/uploads\/2023\/11\/neceser-asher.jpg 530w, https:\/\/www.promopresent.com\/blog\/wp-content\/uploads\/2023\/11\/neceser-asher-300x300.jpg 300w, https:\/\/www.promopresent.com\/blog\/wp-content\/uploads\/2023\/11\/neceser-asher-150x150.jpg 150w\" sizes=\"auto, (max-width: 530px) 100vw, 530px\" \/><\/a><figcaption class=\"wp-element-caption\"><a href=\"https:\/\/www.promopresent.com\/bolsas-y-mochilas-personalizadas\/neceser-asher.html#\/30-color-naranja\" title=\"Neceser Asher\">Neceser Asher<\/a><\/figcaption><\/figure>\n<\/div><\/div>\n\n\n\n<div class=\"wp-block-column is-layout-flow wp-block-column-is-layout-flow\"><div class=\"wp-block-image\">\n<figure class=\"aligncenter size-full is-resized\"><a href=\"https:\/\/www.promopresent.com\/bolsas-y-mochilas-personalizadas\/bolsas-de-viaje-personalizadas\/neceseres-personalizados\/neceser-romeo.html#\/28-color-verde\"><img loading=\"lazy\" decoding=\"async\" width=\"530\" height=\"530\" src=\"https:\/\/www.promopresent.com\/blog\/wp-content\/uploads\/2023\/11\/neceser-romeo.jpg\" alt=\"neceseres publicitarios\" class=\"wp-image-2053\" style=\"width:262px;height:auto\" srcset=\"https:\/\/www.promopresent.com\/blog\/wp-content\/uploads\/2023\/11\/neceser-romeo.jpg 530w, https:\/\/www.promopresent.com\/blog\/wp-content\/uploads\/2023\/11\/neceser-romeo-300x300.jpg 300w, https:\/\/www.promopresent.com\/blog\/wp-content\/uploads\/2023\/11\/neceser-romeo-150x150.jpg 150w\" sizes=\"auto, (max-width: 530px) 100vw, 530px\" \/><\/a><figcaption class=\"wp-element-caption\"><a href=\"https:\/\/www.promopresent.com\/bolsas-y-mochilas-personalizadas\/bolsas-de-viaje-personalizadas\/neceseres-personalizados\/neceser-romeo.html#\/28-color-verde\" title=\"Neceser Romeo\">Neceser Romeo<\/a><\/figcaption><\/figure>\n<\/div><\/div>\n<\/div>\n\n\n\n<h2 class=\"wp-block-heading\"><span class=\"ez-toc-section\" id=\"Neceseres_publicitarios_para_la_industria_del_cuidado_personal\"><\/span>Neceseres publicitarios para la industria del cuidado personal<span class=\"ez-toc-section-end\"><\/span><\/h2>\n\n\n\n<p>La salud y el bienestar son aspectos fundamentales en este sector. Un neceser personalizado que incluya elementos de cuidado personal muestra atenci\u00f3n y cortes\u00eda por la salud de los destinatarios y, destaca la importancia del cuidado personal.<\/p>\n\n\n\n<div class=\"wp-block-columns is-layout-flex wp-container-core-columns-is-layout-9d6595d7 wp-block-columns-is-layout-flex\">\n<div class=\"wp-block-column is-layout-flow wp-block-column-is-layout-flow\"><div class=\"wp-block-image\">\n<figure class=\"aligncenter size-full is-resized\"><a href=\"https:\/\/www.promopresent.com\/bolsas-y-mochilas-personalizadas\/bolsas-de-viaje-personalizadas\/neceseres-personalizados\/set-shelly.html\"><img loading=\"lazy\" decoding=\"async\" width=\"530\" height=\"530\" src=\"https:\/\/www.promopresent.com\/blog\/wp-content\/uploads\/2023\/11\/set-shelly.jpg\" alt=\"neceseres publicitarios\" class=\"wp-image-2055\" style=\"width:252px;height:auto\" srcset=\"https:\/\/www.promopresent.com\/blog\/wp-content\/uploads\/2023\/11\/set-shelly.jpg 530w, https:\/\/www.promopresent.com\/blog\/wp-content\/uploads\/2023\/11\/set-shelly-300x300.jpg 300w, https:\/\/www.promopresent.com\/blog\/wp-content\/uploads\/2023\/11\/set-shelly-150x150.jpg 150w\" sizes=\"auto, (max-width: 530px) 100vw, 530px\" \/><\/a><figcaption class=\"wp-element-caption\"><a href=\"https:\/\/www.promopresent.com\/bolsas-y-mochilas-personalizadas\/bolsas-de-viaje-personalizadas\/neceseres-personalizados\/set-shelly.html\" title=\"Set Shelly\n\">Set Shelly<br><\/a><\/figcaption><\/figure>\n<\/div><\/div>\n\n\n\n<div class=\"wp-block-column is-layout-flow wp-block-column-is-layout-flow\"><div class=\"wp-block-image\">\n<figure class=\"aligncenter size-full is-resized\"><a href=\"https:\/\/www.promopresent.com\/bolsas-y-mochilas-personalizadas\/bolsas-de-viaje-personalizadas\/neceseres-personalizados\/neceser-cemni.html\"><img loading=\"lazy\" decoding=\"async\" width=\"530\" height=\"530\" src=\"https:\/\/www.promopresent.com\/blog\/wp-content\/uploads\/2023\/11\/neceser-cemni.jpg\" alt=\"neceseres publicitarios\" class=\"wp-image-2056\" style=\"width:254px;height:auto\" srcset=\"https:\/\/www.promopresent.com\/blog\/wp-content\/uploads\/2023\/11\/neceser-cemni.jpg 530w, https:\/\/www.promopresent.com\/blog\/wp-content\/uploads\/2023\/11\/neceser-cemni-300x300.jpg 300w, https:\/\/www.promopresent.com\/blog\/wp-content\/uploads\/2023\/11\/neceser-cemni-150x150.jpg 150w\" sizes=\"auto, (max-width: 530px) 100vw, 530px\" \/><\/a><figcaption class=\"wp-element-caption\"><a href=\"https:\/\/www.promopresent.com\/bolsas-y-mochilas-personalizadas\/bolsas-de-viaje-personalizadas\/neceseres-personalizados\/neceser-cemni.html\" title=\"Neceser Cemni\n\">Neceser Cemni<br><\/a><\/figcaption><\/figure>\n<\/div><\/div>\n<\/div>\n\n\n\n<hr class=\"wp-block-separator has-alpha-channel-opacity\"\/>\n\n\n\n<p class=\"has-text-align-center\">Identifica tu destinatario y encuentra el neceser personalizado en la web de <strong><a href=\"https:\/\/www.promopresent.com\/\" title=\"Promopresent\">Promopresent<\/a><\/strong>. <\/p>\n\n\n\n<p class=\"has-text-align-center\"><strong>Consulta nuestros dise\u00f1os y sorprende a tu p\u00fablico o empleados de la forma m\u00e1s funcional y atractiva.<\/strong><\/p>\n","protected":false},"excerpt":{"rendered":"<p>Los neceseres<br \/>\npublicitarios son un regalo perfecto para regalar en todo tipo de empresa. Conoce los<br \/>\nneceseres publicitarios de Promopresent.<\/p>\n","protected":false},"author":2,"featured_media":2059,"comment_status":"open","ping_status":"open","sticky":false,"template":"","format":"standard","meta":{"om_disable_all_campaigns":false,"_monsterinsights_skip_tracking":false,"_monsterinsights_sitenote_active":false,"_monsterinsights_sitenote_note":"","_monsterinsights_sitenote_category":0,"_kad_post_transparent":"","_kad_post_title":"","_kad_post_layout":"","_kad_post_sidebar_id":"","_kad_post_content_style":"","_kad_post_vertical_padding":"","_kad_post_feature":"","_kad_post_feature_position":"","_kad_post_header":false,"_kad_post_footer":false,"footnotes":"","_wpscppro_custom_social_share_image":0},"categories":[10,11],"tags":[113,121,120,108,106,160,161,162,163,110,9,109,123,114],"class_list":["post-2045","post","type-post","status-publish","format-standard","has-post-thumbnail","hentry","category-merchandising","category-todos","tag-articuloscorporativos","tag-articulospromocionales","tag-marketingdemarca","tag-merchandisingempresarial","tag-merchandisingpersonalizado","tag-neceseres","tag-neceserespersonalizados","tag-neceserespromocionales","tag-neceserespublicidad","tag-productospersonalizados","tag-regalos-para-eventos","tag-regaloscorporativos","tag-regalosdenegocios","tag-regalosempresariales"],"aioseo_notices":[],"_links":{"self":[{"href":"https:\/\/www.promopresent.com\/blog\/wp-json\/wp\/v2\/posts\/2045","targetHints":{"allow":["GET"]}}],"collection":[{"href":"https:\/\/www.promopresent.com\/blog\/wp-json\/wp\/v2\/posts"}],"about":[{"href":"https:\/\/www.promopresent.com\/blog\/wp-json\/wp\/v2\/types\/post"}],"author":[{"embeddable":true,"href":"https:\/\/www.promopresent.com\/blog\/wp-json\/wp\/v2\/users\/2"}],"replies":[{"embeddable":true,"href":"https:\/\/www.promopresent.com\/blog\/wp-json\/wp\/v2\/comments?post=2045"}],"version-history":[{"count":7,"href":"https:\/\/www.promopresent.com\/blog\/wp-json\/wp\/v2\/posts\/2045\/revisions"}],"predecessor-version":[{"id":2305,"href":"https:\/\/www.promopresent.com\/blog\/wp-json\/wp\/v2\/posts\/2045\/revisions\/2305"}],"wp:featuredmedia":[{"embeddable":true,"href":"https:\/\/www.promopresent.com\/blog\/wp-json\/wp\/v2\/media\/2059"}],"wp:attachment":[{"href":"https:\/\/www.promopresent.com\/blog\/wp-json\/wp\/v2\/media?parent=2045"}],"wp:term":[{"taxonomy":"category","embeddable":true,"href":"https:\/\/www.promopresent.com\/blog\/wp-json\/wp\/v2\/categories?post=2045"},{"taxonomy":"post_tag","embeddable":true,"href":"https:\/\/www.promopresent.com\/blog\/wp-json\/wp\/v2\/tags?post=2045"}],"curies":[{"name":"wp","href":"https:\/\/api.w.org\/{rel}","templated":true}]}}