{"id":38,"date":"2023-03-09T10:38:44","date_gmt":"2023-03-09T10:38:44","guid":{"rendered":"https:\/\/www.promopresent.com\/blog\/?p=38"},"modified":"2023-10-02T06:53:19","modified_gmt":"2023-10-02T06:53:19","slug":"exponer-ferias-infarma-incosmetics-cosmobeauty","status":"publish","type":"post","link":"https:\/\/www.promopresent.com\/blog\/exponer-ferias-infarma-incosmetics-cosmobeauty\/","title":{"rendered":"Ferias y eventos para exponer en marzo"},"content":{"rendered":"\n<div id=\"ez-toc-container\" class=\"ez-toc-v2_0_82_2 counter-hierarchy ez-toc-counter ez-toc-grey ez-toc-container-direction\">\n<div class=\"ez-toc-title-container\">\n<p class=\"ez-toc-title\" style=\"cursor:inherit\">\u00cdndice<\/p>\n<span class=\"ez-toc-title-toggle\"><a href=\"#\" class=\"ez-toc-pull-right ez-toc-btn ez-toc-btn-xs ez-toc-btn-default ez-toc-toggle\" aria-label=\"Alternar tabla de contenidos\"><span class=\"ez-toc-js-icon-con\"><span class=\"\"><span class=\"eztoc-hide\" style=\"display:none;\">Toggle<\/span><span class=\"ez-toc-icon-toggle-span\"><svg style=\"fill: #999;color:#999\" xmlns=\"http:\/\/www.w3.org\/2000\/svg\" class=\"list-377408\" width=\"20px\" height=\"20px\" viewBox=\"0 0 24 24\" fill=\"none\"><path d=\"M6 6H4v2h2V6zm14 0H8v2h12V6zM4 11h2v2H4v-2zm16 0H8v2h12v-2zM4 16h2v2H4v-2zm16 0H8v2h12v-2z\" fill=\"currentColor\"><\/path><\/svg><svg style=\"fill: #999;color:#999\" class=\"arrow-unsorted-368013\" xmlns=\"http:\/\/www.w3.org\/2000\/svg\" width=\"10px\" height=\"10px\" viewBox=\"0 0 24 24\" version=\"1.2\" baseProfile=\"tiny\"><path d=\"M18.2 9.3l-6.2-6.3-6.2 6.3c-.2.2-.3.4-.3.7s.1.5.3.7c.2.2.4.3.7.3h11c.3 0 .5-.1.7-.3.2-.2.3-.5.3-.7s-.1-.5-.3-.7zM5.8 14.7l6.2 6.3 6.2-6.3c.2-.2.3-.5.3-.7s-.1-.5-.3-.7c-.2-.2-.4-.3-.7-.3h-11c-.3 0-.5.1-.7.3-.2.2-.3.5-.3.7s.1.5.3.7z\"\/><\/svg><\/span><\/span><\/span><\/a><\/span><\/div>\n<nav><ul class='ez-toc-list ez-toc-list-level-1 ' ><li class='ez-toc-page-1 ez-toc-heading-level-2'><a class=\"ez-toc-link ez-toc-heading-1\" href=\"https:\/\/www.promopresent.com\/blog\/exponer-ferias-infarma-incosmetics-cosmobeauty\/#InfarmaIncosmeticsCosmobeauty\" >Infarma+Incosmetics+Cosmobeauty<\/a><ul class='ez-toc-list-level-5' ><li class='ez-toc-heading-level-5'><ul class='ez-toc-list-level-5' ><li class='ez-toc-heading-level-5'><ul class='ez-toc-list-level-5' ><li class='ez-toc-heading-level-5'><a class=\"ez-toc-link ez-toc-heading-2\" href=\"https:\/\/www.promopresent.com\/blog\/exponer-ferias-infarma-incosmetics-cosmobeauty\/#Marzo_la_belleza_la_salud_y_el_cuidado_personal_de_dan_cita_en_Barcelona\" >Marzo: la belleza, la salud y el cuidado personal de dan cita en Barcelona<\/a><\/li><\/ul><\/li><\/ul><\/li><li class='ez-toc-page-1 ez-toc-heading-level-3'><a class=\"ez-toc-link ez-toc-heading-3\" href=\"https:\/\/www.promopresent.com\/blog\/exponer-ferias-infarma-incosmetics-cosmobeauty\/#%C2%A1Somos_un_pais_puntero_en_cosmetica_y_cuidado_personal\" >\u00a1Somos un pa\u00eds puntero en cosm\u00e9tica y cuidado personal!<\/a><\/li><li class='ez-toc-page-1 ez-toc-heading-level-3'><a class=\"ez-toc-link ez-toc-heading-4\" href=\"https:\/\/www.promopresent.com\/blog\/exponer-ferias-infarma-incosmetics-cosmobeauty\/#Regalos_para_ofrecer_a_clientes_y_colaboradores_en_Infarma\" >Regalos para ofrecer a clientes y colaboradores en Infarma<\/a><\/li><li class='ez-toc-page-1 ez-toc-heading-level-3'><a class=\"ez-toc-link ez-toc-heading-5\" href=\"https:\/\/www.promopresent.com\/blog\/exponer-ferias-infarma-incosmetics-cosmobeauty\/#%C2%BFVas_a_exponer_en_InCosmetics_Expobeauty_o_CosmoBeauty_Te_damos_ideas_para_regalar\" >\u00bfVas a exponer en InCosmetics, Expobeauty o CosmoBeauty? Te damos ideas para regalar<\/a><\/li><\/ul><\/li><li class='ez-toc-page-1 ez-toc-heading-level-2'><a class=\"ez-toc-link ez-toc-heading-6\" href=\"https:\/\/www.promopresent.com\/blog\/exponer-ferias-infarma-incosmetics-cosmobeauty\/#Te_damos_todavia_algunas_ideas_mas_para_hacer_de_tu_feria_un_evento_inolvidable_para_tus_clientes\" >Te damos todav\u00eda algunas ideas m\u00e1s para hacer de tu feria un evento inolvidable para tus clientes.<\/a><ul class='ez-toc-list-level-3' ><li class='ez-toc-heading-level-3'><a class=\"ez-toc-link ez-toc-heading-7\" href=\"https:\/\/www.promopresent.com\/blog\/exponer-ferias-infarma-incosmetics-cosmobeauty\/#Contacta_con_nuestro_equipo_si_necesitas_un_presupuesto\" >Contacta con nuestro equipo si necesitas un presupuesto<\/a><\/li><\/ul><\/li><\/ul><\/nav><\/div>\n<h2 class=\"wp-block-heading\"><span class=\"ez-toc-section\" id=\"InfarmaIncosmeticsCosmobeauty\"><\/span><strong>Infarma+Incosmetics+Cosmobeauty<\/strong><span class=\"ez-toc-section-end\"><\/span><\/h2>\n\n\n\n<h5 class=\"wp-block-heading\"><span class=\"ez-toc-section\" id=\"Marzo_la_belleza_la_salud_y_el_cuidado_personal_de_dan_cita_en_Barcelona\"><\/span><strong>Marzo: la belleza, la salud y el cuidado personal de dan cita en Barcelona<\/strong><span class=\"ez-toc-section-end\"><\/span><\/h5>\n\n\n\n<p>Fira de Barcelona es el enclave donde se reunir\u00e1n, pr\u00f3ximamente, los principales actores de los sectores farmac\u00e9utico, de belleza y de cuidado personal.<\/p>\n\n\n\n<p>Entre el 14 y el 16 de marzo se celebre la feria <strong>InFarma<\/strong>, que re\u00fane empresas de las siguientes categor\u00edas: medicamentos, dermofarmacia, complementos alimenticios y nutrici\u00f3n, fitoterapia, productos sanitarios, \u00f3ptica y ortopedia; pediatr\u00eda, puericultura y maternales. Asimismo, tambi\u00e9n exponen empresas que ofrecen servicios a las oficinas de farmacia. Cada a\u00f1o, esta feria recibe m\u00e1s de 30.000 visitantes.<\/p>\n\n\n\n<p>El congreso y sal\u00f3n farmac\u00e9utico que organizan anualmente de forma conjunta los colegios oficiales de farmac\u00e9uticos de Madrid y Barcelona e Interalia, figura en el sexto puesto de la clasificaci\u00f3n de ferias; que incluye otras ferias tan consolidadas y de tanta proyecci\u00f3n internacional como el Mobile World Congress, Fitur, Alimentaria o Arco.<\/p>\n\n\n\n<p>Si eres profesional de la belleza y del cuidado personal, reserva un hueco en tu agenda para ver muchas novedades en Barcelona. <\/p>\n\n\n\n<div class=\"wp-block-columns is-layout-flex wp-container-core-columns-is-layout-9d6595d7 wp-block-columns-is-layout-flex\">\n<div class=\"wp-block-column is-layout-flow wp-block-column-is-layout-flow\" style=\"flex-basis:50%\">\n<figure class=\"wp-block-image size-full\"><img loading=\"lazy\" decoding=\"async\" width=\"750\" height=\"500\" src=\"https:\/\/www.promopresent.com\/blog\/wp-content\/uploads\/2023\/03\/ferias-y-eventos-para-exponer-en-marzo.png\" alt=\"\" class=\"wp-image-632\" srcset=\"https:\/\/www.promopresent.com\/blog\/wp-content\/uploads\/2023\/03\/ferias-y-eventos-para-exponer-en-marzo.png 750w, https:\/\/www.promopresent.com\/blog\/wp-content\/uploads\/2023\/03\/ferias-y-eventos-para-exponer-en-marzo-300x200.png 300w\" sizes=\"auto, (max-width: 750px) 100vw, 750px\" \/><\/figure>\n<\/div>\n\n\n\n<div class=\"wp-block-column is-layout-flow wp-block-column-is-layout-flow\" style=\"flex-basis:50%\">\n<p>Si ya puedes aprender mucho del sector en Infarma, se unen tres ferias m\u00e1s para reunirse con otros profesionales, aprender y conocer novedades. Dadas las cifras de participaci\u00f3n, estas ferias son ocasiones para <strong>exponer en la Fira de Barcelona, ante decenas de miles de visitantes<\/strong>. Si ya tienes tu espacio reservado para exponer en alguno de estos eventos, consulta nuestros consejos para acudir como expositor a una feria \u00a1Va a ser un \u00e9xito!<\/p>\n<\/div>\n<\/div>\n\n\n\n<p>Mientras que en el recinto ferial de Gran V\u00eda se enlazan las ferias <strong>Expobeauty<\/strong> (del 25 al 27) e <strong>InCosmetics<\/strong> (del 28 al 30); la feria <strong>CosmoBeauty <\/strong>se celebrar\u00e1 entre los 25 y 27 entre los recintos ferial de Gran V\u00eda y F\u00f3rum.<\/p>\n\n\n\n<h3 class=\"wp-block-heading\"><span class=\"ez-toc-section\" id=\"%C2%A1Somos_un_pais_puntero_en_cosmetica_y_cuidado_personal\"><\/span>\u00a1Somos un pa\u00eds puntero en cosm\u00e9tica y cuidado personal! <span class=\"ez-toc-section-end\"><\/span><\/h3>\n\n\n\n<p>Por lo que respecta a la cosm\u00e9tica<strong>, Espa\u00f1a es el quinto pa\u00eds europeo en consumo; y est\u00e1 en el Top 10 de los pa\u00edses exportadores de perfumer\u00eda y cosm\u00e9tica mundiales<\/strong>. La cosm\u00e9tica espa\u00f1ola exporta en la actualidad m\u00e1s que otros sectores como el aceite de oliva, el vino o el calzado<strong>. El sector factur\u00f3 8.211 millones de euros en 2021; experimentando un crecimiento del 7,38% respecto al fat\u00eddico 2020<\/strong>.<\/p>\n\n\n\n<p>El sector se recupera a buen ritmo tras la pandemia y, aunque en 2021 no se lleg\u00f3 a las cifras de facturaci\u00f3n de 2019; se ha definido el 2021 como el de la recuperaci\u00f3n. Todo parece indicar, sin conocer todav\u00eda las cifras que publica la asociaci\u00f3n STANPA (Asociaci\u00f3n Nacional de Perfumer\u00eda y Cosm\u00e9tica); que 2022 va a marcar unas buenas cifras, superando el bache de la COVID 19.<strong><\/strong><\/p>\n\n\n\n<p>S\u00f3lo Cosmo Beauty, en esta edici\u00f3n tiene como objetivo superar los m\u00e1s de 50.000 visitantes profesionales del 2019.<\/p>\n\n\n\n<p>Por su parte, la feria InCosmetics re\u00fane a los principales actores del sector cosm\u00e9tico. Tras la \u00faltima edici\u00f3n, que se celebr\u00f3 en Par\u00eds, este a\u00f1o la feria se desplaza a Barcelona. En esta feria se exhiben novedades en ingredientes, formulaci\u00f3n, envases, equipamiento de laboratorios y formaci\u00f3n; procedentes de grandes empresas de todo el planeta. Siguiendo la tendencia del sector, la feria incorpora una zona especializada en la&nbsp;<strong>cosm\u00e9tica sostenible<\/strong>.<\/p>\n\n\n\n<figure class=\"wp-block-image size-large\"><img loading=\"lazy\" decoding=\"async\" width=\"1024\" height=\"576\" src=\"https:\/\/www.promopresent.com\/blog\/wp-content\/uploads\/2023\/03\/ferias-y-eventos-infarma-1024x576.jpg\" alt=\"\" class=\"wp-image-634\" srcset=\"https:\/\/www.promopresent.com\/blog\/wp-content\/uploads\/2023\/03\/ferias-y-eventos-infarma-1024x576.jpg 1024w, https:\/\/www.promopresent.com\/blog\/wp-content\/uploads\/2023\/03\/ferias-y-eventos-infarma-300x169.jpg 300w, https:\/\/www.promopresent.com\/blog\/wp-content\/uploads\/2023\/03\/ferias-y-eventos-infarma-768x432.jpg 768w, https:\/\/www.promopresent.com\/blog\/wp-content\/uploads\/2023\/03\/ferias-y-eventos-infarma.jpg 1280w\" sizes=\"auto, (max-width: 1024px) 100vw, 1024px\" \/><\/figure>\n\n\n\n<h3 class=\"wp-block-heading\"><span class=\"ez-toc-section\" id=\"Regalos_para_ofrecer_a_clientes_y_colaboradores_en_Infarma\"><\/span><strong>Regalos para ofrecer a clientes y colaboradores en Infarma<\/strong><span class=\"ez-toc-section-end\"><\/span><\/h3>\n\n\n\n<p>Ofrecer un regalo que haga m\u00e1s f\u00e1cil la vida de tus clientes, es un modo de estar siempre a su lado con tu marca. Te damos ideas para que tu logo est\u00e9 siempre en sus manos, y al alcance de su vista:<\/p>\n\n\n\n<p><a href=\"https:\/\/promopresent.es\/material-oficina\/\">Material de oficina:<\/a> Se trata de un cl\u00e1sico que funciona en todos los sectores. Bol\u00edgrafos personalizados, agendas&#8230;<\/p>\n\n\n\n<p><a href=\"https:\/\/promopresent.es\/tecnologia\/\">Merchandising tecnol\u00f3gico con tu logo<\/a>: memorias USB, cargadores inal\u00e1mbricos de m\u00f3vil<\/p>\n\n\n\n<p><a href=\"https:\/\/promopresent.es\/tecnologia\/relojes-pulseras\/\">Relojes y brazaletes inteligentes<\/a>: con funciones de term\u00f3metro y\/o contador de pulsaciones.<\/p>\n\n\n\n<p><a href=\"https:\/\/promopresent.es\/bolsas-mochilas\/bolsas-personalizadas\/bolsas-papel\/\">Botellas y mochilas personalizadas<\/a><\/p>\n\n\n\n<p><a href=\"https:\/\/promopresent.es\/busqueda?controller=search&amp;s=pastillero&amp;spr_submit_search=Search\">Pastilleros con tu marca<\/a><\/p>\n\n\n\n<p><a href=\"https:\/\/promopresent.es\/hogar\/cuidado-personal\/cepillos-de-dientes\/\">Cepillos de dientes en versi\u00f3n tradicional y ECO<\/a><\/p>\n\n\n\n<p><a href=\"https:\/\/promopresent.es\/material-oficina\/escritorio\/antiestres\/\">Regalos antiestr\u00e9s<\/a> y regalos originales para llevar en el bolsillo: calientabolsillos..<\/p>\n\n\n\n<h3 class=\"wp-block-heading\"><span class=\"ez-toc-section\" id=\"%C2%BFVas_a_exponer_en_InCosmetics_Expobeauty_o_CosmoBeauty_Te_damos_ideas_para_regalar\"><\/span><strong>\u00bfVas a exponer en InCosmetics, Expobeauty o CosmoBeauty? Te damos ideas para regalar<\/strong><span class=\"ez-toc-section-end\"><\/span><\/h3>\n\n\n\n<p>Si te est\u00e1s planteando exponer en In Cosmetics, en ExpoBeauty o en Cosmobeauty; en la categor\u00eda de<a href=\"https:\/\/promopresent.es\/hogar\/cuidado-personal\/\"> cuidado personal<\/a>, encuentras una amplia variedad de merchandising para personalizar, haciendo de tu feria un evento inolvidable para tus clientes.<\/p>\n\n\n\n<div class=\"wp-block-columns is-layout-flex wp-container-core-columns-is-layout-9d6595d7 wp-block-columns-is-layout-flex\">\n<div class=\"wp-block-column is-layout-flow wp-block-column-is-layout-flow\" style=\"flex-basis:33.34%\">\n<figure class=\"wp-block-gallery aligncenter has-nested-images columns-default is-cropped wp-block-gallery-1 is-layout-flex wp-block-gallery-is-layout-flex\"><div class=\"wp-block-image\">\n<figure class=\"aligncenter\"><a href=\"https:\/\/www.promopresent.com\/hogar\/cuidado-personal\/\"><img decoding=\"async\" src=\"https:\/\/lh6.googleusercontent.com\/eRr6FtzTi0zyXg1QmK9e0uCwIoScabX57yCAFAtXxyj6XOwPi-VEhpQaMMX8OI-N964LH8aZPYrcpzauVLR2oNYdnbVFJlb16pYAbCpM3B9DhP-LHsLYecTuQPcWPs44M5DAy0TDzRK5cpVzq6YNAFk\" alt=\"Cepillos y peines ecologicos de madera\"\/><\/a><\/figure>\n<\/div><figcaption class=\"blocks-gallery-caption wp-element-caption\">Cepillos, peines y espejitos<\/figcaption><\/figure>\n<\/div>\n\n\n\n<div class=\"wp-block-column is-layout-flow wp-block-column-is-layout-flow\" style=\"flex-basis:33.34%\">\n<figure class=\"wp-block-image size-full\"><img loading=\"lazy\" decoding=\"async\" width=\"529\" height=\"379\" src=\"https:\/\/www.promopresent.com\/blog\/wp-content\/uploads\/2023\/03\/neceser-manto-1.jpg\" alt=\"\" class=\"wp-image-408\" srcset=\"https:\/\/www.promopresent.com\/blog\/wp-content\/uploads\/2023\/03\/neceser-manto-1.jpg 529w, https:\/\/www.promopresent.com\/blog\/wp-content\/uploads\/2023\/03\/neceser-manto-1-300x215.jpg 300w\" sizes=\"auto, (max-width: 529px) 100vw, 529px\" \/><figcaption class=\"wp-element-caption\">Necesers y toallas con tu logo<\/figcaption><\/figure>\n<\/div>\n\n\n\n<div class=\"wp-block-column has-medium-font-size is-layout-flow wp-block-column-is-layout-flow\" style=\"flex-basis:33.33%\">\n<figure class=\"wp-block-image size-large is-resized\"><a href=\"https:\/\/www.promopresent.com\/hogar\/decoracion-y-organizacion\/velas-y-difusores\/\"><img loading=\"lazy\" decoding=\"async\" src=\"https:\/\/www.promopresent.com\/blog\/wp-content\/uploads\/2023\/03\/difusor-aceite-aromatico-moderno-sobre-superficie-madera-elemento-tejido-vela-aceite-lavanda-sobre-fondo-borroso-1024x683.jpg\" alt=\"\" class=\"wp-image-402\" width=\"234\" height=\"155\" srcset=\"https:\/\/www.promopresent.com\/blog\/wp-content\/uploads\/2023\/03\/difusor-aceite-aromatico-moderno-sobre-superficie-madera-elemento-tejido-vela-aceite-lavanda-sobre-fondo-borroso-1024x683.jpg 1024w, https:\/\/www.promopresent.com\/blog\/wp-content\/uploads\/2023\/03\/difusor-aceite-aromatico-moderno-sobre-superficie-madera-elemento-tejido-vela-aceite-lavanda-sobre-fondo-borroso-300x200.jpg 300w, https:\/\/www.promopresent.com\/blog\/wp-content\/uploads\/2023\/03\/difusor-aceite-aromatico-moderno-sobre-superficie-madera-elemento-tejido-vela-aceite-lavanda-sobre-fondo-borroso-768x512.jpg 768w, https:\/\/www.promopresent.com\/blog\/wp-content\/uploads\/2023\/03\/difusor-aceite-aromatico-moderno-sobre-superficie-madera-elemento-tejido-vela-aceite-lavanda-sobre-fondo-borroso-1536x1024.jpg 1536w, https:\/\/www.promopresent.com\/blog\/wp-content\/uploads\/2023\/03\/difusor-aceite-aromatico-moderno-sobre-superficie-madera-elemento-tejido-vela-aceite-lavanda-sobre-fondo-borroso-2048x1365.jpg 2048w\" sizes=\"auto, (max-width: 234px) 100vw, 234px\" \/><\/a><figcaption class=\"wp-element-caption\">Velas y difusores<\/figcaption><\/figure>\n<\/div>\n<\/div>\n\n\n<style>.wp-block-kadence-advancedheading.kt-adv-heading_79ce93-74, .wp-block-kadence-advancedheading.kt-adv-heading_79ce93-74[data-kb-block=\"kb-adv-heading_79ce93-74\"]{font-style:normal;}.wp-block-kadence-advancedheading.kt-adv-heading_79ce93-74 mark, .wp-block-kadence-advancedheading.kt-adv-heading_79ce93-74[data-kb-block=\"kb-adv-heading_79ce93-74\"] mark{font-style:normal;color:#f76a0c;padding-top:0px;padding-right:0px;padding-bottom:0px;padding-left:0px;}<\/style>\n<h2 class=\"kt-adv-heading_79ce93-74 wp-block-kadence-advancedheading\" data-kb-block=\"kb-adv-heading_79ce93-74\"><span class=\"ez-toc-section\" id=\"Te_damos_todavia_algunas_ideas_mas_para_hacer_de_tu_feria_un_evento_inolvidable_para_tus_clientes\"><\/span>Te damos todav\u00eda algunas ideas m\u00e1s para hacer de tu feria un evento inolvidable para tus clientes.<span class=\"ez-toc-section-end\"><\/span><\/h2>\n\n\n\n<p> <\/p>\n\n\n\n<p><a href=\"https:\/\/promopresent.es\/producto\/hogar\/hogar\/zapatillas-millo.html\">Zapatillas de algod\u00f3n<\/a> y<a href=\"https:\/\/promopresent.es\/ocio-aire-libre\/playa-y-verano\/chanclas\/\"> chanclas personalizadas<\/a> para tu SPA o para tu centro de est\u00e9tica.<\/p>\n\n\n\n<p><a href=\"https:\/\/promopresent.es\/hogar\/cuidado-personal\/b%C3%A1lsamo-labial\/\">B\u00e1lsamos labiales personalizados<\/a>&nbsp;Un regalo&nbsp; muy \u00fatil que acompa\u00f1a a los clientes en el bolsillo.<\/p>\n\n\n<style>.wp-block-kadence-advancedheading.kt-adv-heading_3d03f2-cb, .wp-block-kadence-advancedheading.kt-adv-heading_3d03f2-cb[data-kb-block=\"kb-adv-heading_3d03f2-cb\"]{font-style:normal;}.wp-block-kadence-advancedheading.kt-adv-heading_3d03f2-cb mark, .wp-block-kadence-advancedheading.kt-adv-heading_3d03f2-cb[data-kb-block=\"kb-adv-heading_3d03f2-cb\"] mark{font-style:normal;color:#f76a0c;padding-top:0px;padding-right:0px;padding-bottom:0px;padding-left:0px;}<\/style>\n<h3 class=\"kt-adv-heading_3d03f2-cb wp-block-kadence-advancedheading\" data-kb-block=\"kb-adv-heading_3d03f2-cb\"><span class=\"ez-toc-section\" id=\"Contacta_con_nuestro_equipo_si_necesitas_un_presupuesto\"><\/span>Contacta con nuestro equipo si necesitas un presupuesto<span class=\"ez-toc-section-end\"><\/span><\/h3>\n\n\n<div class=\"wpforms-container wpforms-container-full\" id=\"wpforms-412\"><form id=\"wpforms-form-412\" class=\"wpforms-validate wpforms-form wpforms-ajax-form\" data-formid=\"412\" method=\"post\" enctype=\"multipart\/form-data\" action=\"\/blog\/wp-json\/wp\/v2\/posts\/38\" data-token=\"9bbce83a83840e184cc820726d1f0948\"><noscript class=\"wpforms-error-noscript\">Por favor, activa JavaScript en tu navegador para completar este formulario.<\/noscript><div class=\"wpforms-field-container\"><div id=\"wpforms-412-field_0-container\" class=\"wpforms-field wpforms-field-name\" data-field-id=\"0\"><label class=\"wpforms-field-label\" for=\"wpforms-412-field_0\">Nombre <span class=\"wpforms-required-label\">*<\/span><\/label><div class=\"wpforms-field-row wpforms-field-medium\"><div class=\"wpforms-field-row-block wpforms-first wpforms-one-half\"><input type=\"text\" id=\"wpforms-412-field_0\" class=\"wpforms-field-name-first wpforms-field-required\" name=\"wpforms[fields][0][first]\" required><label for=\"wpforms-412-field_0\" class=\"wpforms-field-sublabel after \">Nombre<\/label><\/div><div class=\"wpforms-field-row-block wpforms-one-half\"><input type=\"text\" id=\"wpforms-412-field_0-last\" class=\"wpforms-field-name-last wpforms-field-required\" name=\"wpforms[fields][0][last]\" required><label for=\"wpforms-412-field_0-last\" class=\"wpforms-field-sublabel after \">Apellidos<\/label><\/div><\/div><\/div><div id=\"wpforms-412-field_4-container\" class=\"wpforms-field wpforms-field-text\" data-field-id=\"4\"><label class=\"wpforms-field-label\" for=\"wpforms-412-field_4\">Empresa<\/label><input type=\"text\" id=\"wpforms-412-field_4\" class=\"wpforms-field-medium\" name=\"wpforms[fields][4]\" ><\/div><div id=\"wpforms-412-field_1-container\" class=\"wpforms-field wpforms-field-email\" data-field-id=\"1\"><label class=\"wpforms-field-label\" for=\"wpforms-412-field_1\">Correo electr\u00f3nico <span class=\"wpforms-required-label\">*<\/span><\/label><input type=\"email\" id=\"wpforms-412-field_1\" class=\"wpforms-field-medium wpforms-field-required\" name=\"wpforms[fields][1]\" required><\/div><div id=\"wpforms-412-field_2-container\" class=\"wpforms-field wpforms-field-textarea\" data-field-id=\"2\"><label class=\"wpforms-field-label\" for=\"wpforms-412-field_2\">Solicita informaci\u00f3n <span class=\"wpforms-required-label\">*<\/span><\/label><textarea id=\"wpforms-412-field_2\" class=\"wpforms-field-medium wpforms-field-required\" name=\"wpforms[fields][2]\" required><\/textarea><div class=\"wpforms-field-description\">Te ayudaremos a encontrar tu regalo de empresa. Si lo prefieres, llama al 937 900 666<\/div><\/div><\/div><div class=\"wpforms-submit-container\"><input type=\"hidden\" name=\"wpforms[id]\" value=\"412\"><input type=\"hidden\" name=\"wpforms[author]\" value=\"2\"><button type=\"submit\" name=\"wpforms[submit]\" id=\"wpforms-submit-412\" class=\"wpforms-submit\" data-alt-text=\"Enviando...\" data-submit-text=\"Enviar\" aria-live=\"assertive\" value=\"wpforms-submit\">Enviar<\/button><img loading=\"lazy\" decoding=\"async\" src=\"https:\/\/www.promopresent.com\/blog\/wp-content\/plugins\/wpforms-lite\/assets\/images\/submit-spin.svg\" class=\"wpforms-submit-spinner\" style=\"display: none;\" width=\"26\" height=\"26\" alt=\"Cargando\"><\/div><\/form><\/div>  <!-- .wpforms-container -->\n","protected":false},"excerpt":{"rendered":"<p>Infarma, In Cosmetics, Cosmobeauty e Inbeauty. M\u00e1s de 100000 visitantes de belleza, salud y cuidado personal \u00bfVas a exponer?<\/p>\n","protected":false},"author":2,"featured_media":395,"comment_status":"open","ping_status":"open","sticky":false,"template":"","format":"standard","meta":{"om_disable_all_campaigns":false,"_monsterinsights_skip_tracking":false,"_monsterinsights_sitenote_active":false,"_monsterinsights_sitenote_note":"","_monsterinsights_sitenote_category":0,"_kad_post_transparent":"","_kad_post_title":"","_kad_post_layout":"","_kad_post_sidebar_id":"","_kad_post_content_style":"","_kad_post_vertical_padding":"","_kad_post_feature":"","_kad_post_feature_position":"","_kad_post_header":false,"_kad_post_footer":false,"footnotes":"","_wpscppro_custom_social_share_image":0},"categories":[13,11],"tags":[21,55,17,16,9,8],"class_list":["post-38","post","type-post","status-publish","format-standard","has-post-thumbnail","hentry","category-ferias-y-eventos","category-todos","tag-gadgets-ecologicos","tag-identificadores-para-congresos","tag-regalos-de-empresa-ecologicos","tag-regalos-ecologicos-para-eventos","tag-regalos-para-eventos","tag-regalos-para-ferias"],"aioseo_notices":[],"_links":{"self":[{"href":"https:\/\/www.promopresent.com\/blog\/wp-json\/wp\/v2\/posts\/38","targetHints":{"allow":["GET"]}}],"collection":[{"href":"https:\/\/www.promopresent.com\/blog\/wp-json\/wp\/v2\/posts"}],"about":[{"href":"https:\/\/www.promopresent.com\/blog\/wp-json\/wp\/v2\/types\/post"}],"author":[{"embeddable":true,"href":"https:\/\/www.promopresent.com\/blog\/wp-json\/wp\/v2\/users\/2"}],"replies":[{"embeddable":true,"href":"https:\/\/www.promopresent.com\/blog\/wp-json\/wp\/v2\/comments?post=38"}],"version-history":[{"count":17,"href":"https:\/\/www.promopresent.com\/blog\/wp-json\/wp\/v2\/posts\/38\/revisions"}],"predecessor-version":[{"id":957,"href":"https:\/\/www.promopresent.com\/blog\/wp-json\/wp\/v2\/posts\/38\/revisions\/957"}],"wp:featuredmedia":[{"embeddable":true,"href":"https:\/\/www.promopresent.com\/blog\/wp-json\/wp\/v2\/media\/395"}],"wp:attachment":[{"href":"https:\/\/www.promopresent.com\/blog\/wp-json\/wp\/v2\/media?parent=38"}],"wp:term":[{"taxonomy":"category","embeddable":true,"href":"https:\/\/www.promopresent.com\/blog\/wp-json\/wp\/v2\/categories?post=38"},{"taxonomy":"post_tag","embeddable":true,"href":"https:\/\/www.promopresent.com\/blog\/wp-json\/wp\/v2\/tags?post=38"}],"curies":[{"name":"wp","href":"https:\/\/api.w.org\/{rel}","templated":true}]}}